{"id":13332,"date":"2015-09-01T17:26:27","date_gmt":"2015-09-01T17:26:27","guid":{"rendered":"https:\/\/archivioturi.lavocedelpaese.info\/index.php\/2015\/09\/01\/santoronzo-venditori-abusivi-di-bibite\/"},"modified":"2015-09-01T17:26:27","modified_gmt":"2015-09-01T17:26:27","slug":"santoronzo-venditori-abusivi-di-bibite","status":"publish","type":"post","link":"https:\/\/archivioturi.lavocedelpaese.info\/index.php\/2015\/09\/01\/santoronzo-venditori-abusivi-di-bibite\/","title":{"rendered":"Sant&#8217;Oronzo: venditori abusivi di bibite"},"content":{"rendered":"<p><img loading=\"lazy\" decoding=\"async\" src=\"https:\/\/farm4.staticflickr.com\/3700\/10287580744_644e4d86b8_n.jpg\" alt=\"foto1_sequestro articoli pericolosi\" height=\"213\" width=\"320\" \/><\/p>\n<p style=\"text-align: justify;\">Il clima di festa generale e allegro folklore in occasione della festa patronale di S. Oronzo ha dato molto da fare alle Forze dell&#8217;Ordine che, come ovvio, hanno vigilato sullo svolgimento della festa. Sono stati infatti effettuati diversi controlli nelle ore immediatamente precedenti al momento clou della festa, la sera del 26 agosto, dalle 21 in poi. Nell&#8217;ambito di questo tipo di operazioni di controllo, i Carabinieri del Comando di Turi, in sinergia con la Polizia Municipale, hanno effettuato un sequestro presso una bancarella abusiva, priva di ogni tipo di autorizzazione, che vendeva bibite. I due ambulanti &#8220;improvvisati&#8221; sono stati condotti in caserma e dai controlli sono risultati gi\u00e0 noti alle Forze dell&#8217;Ordine. Intanto gli agenti della Polizia Municipale hanno provveduto a redigere il verbale dell&#8217;accaduto. La bancarella non autorizzata si era posizionata proprio all&#8217;ingresso della zona del Luna Park ospitata, in occasione della festa, presso Largo Pozzi. Immediato il sequestro delle bibite e dell&#8217;attivit\u00e0 illecita, per un valore complessivo che non \u00e8 andato oltre i 150 euro.<br \/>Durante i tre giorni di festa, un grande contributo alle necessarie operazioni di controllo e vigilanza \u00e8 stato offerto dall&#8217;Associazione Nazionale Carabinieri di Casamassima. L&#8217;Associazione, come \u00e8 noto, \u00e8 composta per lo pi\u00f9 da ex carabinieri e simpatizzanti (con formazione comunque militare) e rappresenta una colonna portante nel panorama del volontariato civile.<\/p>\n","protected":false},"excerpt":{"rendered":"<p><img loading=\"lazy\" decoding=\"async\" src=\"https:\/\/farm4.staticflickr.com\/3700\/10287580744_644e4d86b8_n.jpg\" alt=\"foto1_sequestro articoli pericolosi\" height=\"213\" width=\"320\" \/><\/p>\n","protected":false},"author":1,"featured_media":0,"comment_status":"open","ping_status":"closed","sticky":false,"template":"","format":"standard","meta":{"colormag_page_container_layout":"default_layout","colormag_page_sidebar_layout":"default_layout","footnotes":""},"categories":[8],"tags":[],"class_list":["post-13332","post","type-post","status-publish","format-standard","hentry","category-cronaca"],"_links":{"self":[{"href":"https:\/\/archivioturi.lavocedelpaese.info\/index.php\/wp-json\/wp\/v2\/posts\/13332","targetHints":{"allow":["GET"]}}],"collection":[{"href":"https:\/\/archivioturi.lavocedelpaese.info\/index.php\/wp-json\/wp\/v2\/posts"}],"about":[{"href":"https:\/\/archivioturi.lavocedelpaese.info\/index.php\/wp-json\/wp\/v2\/types\/post"}],"author":[{"embeddable":true,"href":"https:\/\/archivioturi.lavocedelpaese.info\/index.php\/wp-json\/wp\/v2\/users\/1"}],"replies":[{"embeddable":true,"href":"https:\/\/archivioturi.lavocedelpaese.info\/index.php\/wp-json\/wp\/v2\/comments?post=13332"}],"version-history":[{"count":0,"href":"https:\/\/archivioturi.lavocedelpaese.info\/index.php\/wp-json\/wp\/v2\/posts\/13332\/revisions"}],"wp:attachment":[{"href":"https:\/\/archivioturi.lavocedelpaese.info\/index.php\/wp-json\/wp\/v2\/media?parent=13332"}],"wp:term":[{"taxonomy":"category","embeddable":true,"href":"https:\/\/archivioturi.lavocedelpaese.info\/index.php\/wp-json\/wp\/v2\/categories?post=13332"},{"taxonomy":"post_tag","embeddable":true,"href":"https:\/\/archivioturi.lavocedelpaese.info\/index.php\/wp-json\/wp\/v2\/tags?post=13332"}],"curies":[{"name":"wp","href":"https:\/\/api.w.org\/{rel}","templated":true}]}}