{"id":13320,"date":"2015-08-23T08:21:11","date_gmt":"2015-08-23T08:21:11","guid":{"rendered":"https:\/\/archivioturi.lavocedelpaese.info\/index.php\/2015\/08\/23\/la-uil-in-visita-al-carcere-di-turi\/"},"modified":"2015-08-23T08:21:11","modified_gmt":"2015-08-23T08:21:11","slug":"la-uil-in-visita-al-carcere-di-turi","status":"publish","type":"post","link":"https:\/\/archivioturi.lavocedelpaese.info\/index.php\/2015\/08\/23\/la-uil-in-visita-al-carcere-di-turi\/","title":{"rendered":"La UIL in visita al carcere di Turi"},"content":{"rendered":"<p><img loading=\"lazy\" decoding=\"async\" src=\"https:\/\/farm6.staticflickr.com\/5786\/20828429312_6632db9f45_n.jpg\" alt=\"uil\" height=\"165\" width=\"320\" \/><\/p>\n<p style=\"text-align: justify;\">Nella mattinata dello scorso 16 agosto, una delegazione della UILPA Penitenziari ha effettuato una visita sui luoghi di lavoro della Casa di Reclusione di Turi (Ba). A presentarsi davanti al portone del carcere turese, Eugenio Sarno, Segretario Generale della UILPA Penitenziari, Domenico Maldarizzi dell\u2019Esecutivo Nazionale e Stefano Caporizzi Segretario Regionale per la Puglia.<br \/>\u201cE\u2019 sempre una forte emozione visitare il luogo dove per circa cinque anni (1928 \u2013 1933) \u00e8 stato detenuto Antonio Gramsci, la cui cella \u00e8 opportunamente conservata per garantirne la memoria storica. L\u2019istituto \u00e8 un edificio costruito in pietra nel 1895, in origine destinato ad essere un convento di monaci e poi destinato a carcere. La sua struttura architettonica \u00e8 uno dei maggiori problemi per la vivibilit\u00e0 e la salubrit\u00e0 dei luoghi di lavoro. Soprattutto nel periodo estivo le temperature che si registrano all\u2019interno della struttura sono da altoforno e la mancata climatizzazione degli ambienti di lavoro crea non pochi problemi anche per la stessa incolumit\u00e0 fisica del personale. Soprattutto la garitta destinata al personale preposto ai passeggi, essendo in ferro, si surriscalda a dismisura. A ci\u00f2 si aggiunge che gli spazi ristretti non consentono un adeguato ricambio d\u2019aria e il fumo passivo \u00e8 da annoverare tra i maggiori fattori di rischio&#8221;. Sono queste le dichiarazioni espresse dal segretario Sarno al termine del sopralluogo turese. &#8220;Ma per onest\u00e0 intellettuale \u2013 aggiunge &#8211; occorre sottolineare che gli ambienti sono ben puliti anche se molti necessiterebbero di interventi di manutenzione straordinaria che non si possono effettuare per mancanza di fondi. Nelle quattro sezioni detentive sono ospitati 135 detenuti (a fronte di una ricettivit\u00e0 massima di 152) tutti con sentenze definitive. Il personale di polizia penitenziaria (90 unit\u00e0 a fronte delle 99 previste) in tre sezioni su quattro assicura la vigilanza a \u201cregime aperto\u201d e solo in una sezione (la 4^) \u00e8 applicata la videosorveglianza con postazione remota. I turni di servizio sono articolati in otto ore, con ricorso allo straordinario \u201cprogrammato\u201d. Due celle della 3^ sezione sono destinate ad ospitare detenuti con minorazioni fisiche, anche se a Turi non \u00e8 garantita l\u2019assistenza sanitaria h. 24 (medico presente dalle 12 alle 24). La prospicienza alle strade comunali \u2013 ha sottolineato Sarno \u2013 genera il fenomeno \u201cdei lanci&#8221;. Ovvero spesso si tenta di introdurre sostanze stupefacenti nel carcere attraverso il lancio di involucri direttamente dalla strada ai cortili passeggi. Fenomeno arginato grazie alla puntuale e costante opera di bonifica messa in campo dal reparto di polizia penitenziaria. Un altro problema da affrontare e risolvere \u2013 conclude il Segretario Generale della UILPA Penitenziari \u2013 \u00e8 senz\u2019altro il contenimento degli stormi di piccioni che hanno invaso l\u2019istituto penitenziario. Si rende quindi necessaria la posa di dissuasori ad aghi. In conclusione il giudizio sul carcere di Turi \u00e8 in chiaro scuro. Da un lato il personale si distingue per competenza e preparazione (rarissimi gli eventi critici e nessun suicidio negli ultimi quindici anni.) dall\u2019altro l\u2019inadeguatezza strutturale ampliata dalle deficienze organiche e finanziarie\u201d.<\/p>\n<p style=\"text-align: right;\"><strong><em>[ft UilPa]<\/em><\/strong><\/p>\n","protected":false},"excerpt":{"rendered":"<p><img loading=\"lazy\" decoding=\"async\" src=\"https:\/\/farm6.staticflickr.com\/5786\/20828429312_6632db9f45_n.jpg\" alt=\"uil\" height=\"165\" width=\"320\" \/><\/p>\n","protected":false},"author":1,"featured_media":0,"comment_status":"open","ping_status":"closed","sticky":false,"template":"","format":"standard","meta":{"colormag_page_container_layout":"default_layout","colormag_page_sidebar_layout":"default_layout","footnotes":""},"categories":[7],"tags":[],"class_list":["post-13320","post","type-post","status-publish","format-standard","hentry","category-attualita"],"_links":{"self":[{"href":"https:\/\/archivioturi.lavocedelpaese.info\/index.php\/wp-json\/wp\/v2\/posts\/13320","targetHints":{"allow":["GET"]}}],"collection":[{"href":"https:\/\/archivioturi.lavocedelpaese.info\/index.php\/wp-json\/wp\/v2\/posts"}],"about":[{"href":"https:\/\/archivioturi.lavocedelpaese.info\/index.php\/wp-json\/wp\/v2\/types\/post"}],"author":[{"embeddable":true,"href":"https:\/\/archivioturi.lavocedelpaese.info\/index.php\/wp-json\/wp\/v2\/users\/1"}],"replies":[{"embeddable":true,"href":"https:\/\/archivioturi.lavocedelpaese.info\/index.php\/wp-json\/wp\/v2\/comments?post=13320"}],"version-history":[{"count":0,"href":"https:\/\/archivioturi.lavocedelpaese.info\/index.php\/wp-json\/wp\/v2\/posts\/13320\/revisions"}],"wp:attachment":[{"href":"https:\/\/archivioturi.lavocedelpaese.info\/index.php\/wp-json\/wp\/v2\/media?parent=13320"}],"wp:term":[{"taxonomy":"category","embeddable":true,"href":"https:\/\/archivioturi.lavocedelpaese.info\/index.php\/wp-json\/wp\/v2\/categories?post=13320"},{"taxonomy":"post_tag","embeddable":true,"href":"https:\/\/archivioturi.lavocedelpaese.info\/index.php\/wp-json\/wp\/v2\/tags?post=13320"}],"curies":[{"name":"wp","href":"https:\/\/api.w.org\/{rel}","templated":true}]}}