{"id":13283,"date":"2015-08-06T04:28:01","date_gmt":"2015-08-06T04:28:01","guid":{"rendered":"https:\/\/archivioturi.lavocedelpaese.info\/index.php\/2015\/08\/06\/lrssa-villa-eden-si-amplia\/"},"modified":"2015-08-06T04:28:01","modified_gmt":"2015-08-06T04:28:01","slug":"lrssa-villa-eden-si-amplia","status":"publish","type":"post","link":"https:\/\/archivioturi.lavocedelpaese.info\/index.php\/2015\/08\/06\/lrssa-villa-eden-si-amplia\/","title":{"rendered":"L&#8217;RSSA Villa Eden si amplia"},"content":{"rendered":"<p><img loading=\"lazy\" decoding=\"async\" src=\"https:\/\/farm1.staticflickr.com\/484\/20206368561_af6e26858e_n.jpg\" alt=\"DSC01690\" height=\"240\" width=\"320\" \/><\/p>\n<p style=\"text-align: justify;\">Un lavoro che nacque circa 13 anni fa e oggi conosce una nuova e pi\u00f9 ampia veste. \u00c8 cos\u00ec che nel pomeriggio di marted\u00ec 28 luglio, Villa Eden ha inaugurato la sua nuova struttura, adiacente alla precedente e, come la prima, rivolta esclusivamente ai bisogni di ammalati e familiari.<br \/>Alla presenza delle autorit\u00e0 istituzionali locali e regionali, la dottoressa Leone ha tagliato il nastro inaugurale, dando il benvenuto all\u2019ampliamento dell\u2019RSSA Villa Eden, in via Altiero Spinelli, 49 cofinanziato dalla Regione Puglia \u2013Assessorato al Welfare.<br \/>A benedire la struttura, Don Ciccio Aversa e Padre Giovanni Lauria, che hanno sottolineato la necessit\u00e0 dell&#8217;impegno, da parte di tutti, a sostenere e salvaguardare la vita di ciascuno, offrendogli la possibilit\u00e0 di una esistenza dignitosa e serena.<br \/>La nuova struttura rappresenta il completamento del Polo socio-assistenziale-riabilitativo VILLA EDEN in affiancamento all\u2019Hospice- Centro Cure Palliative e alla Residenza Socio Sanitaria Assistenziale per anziani gi\u00e0 convenzionati con ASL BA. La struttura divisa su quattro livelli, prevede 54 posti letto suddivisi in 20 posti letto per Residenza Socio Sanitaria Assistenziale per anziani e 34 posti letto di Residenza Socio Sanitaria Assistenziale per disabili, in stanze con bagno , aria climatizzata tv e wifi. Annessi servizi sono la palestra attrezzata, i bagni assistiti, i laboratori di terapia occupazionale, la sala lettura, il laboratorio musicale e la sala computer con area wifi. Servizio di eccellenza del centro \u00e8 la vasca riabilitativa per idrochinesiterapia, con distinte zone di diversa altezza e diverse temperature, corsia per il nuoto controcorrente e tutte le attrezzature necessarie per l\u2019ingresso in acqua di persone con difficolt\u00e0 motorie e per la riabilitazione di ogni tipo di problematica. L\u2019idrochinesiterapia sfrutta l\u2019ambiente acquoso che, sostenendo gran parte del peso corporeo favorisce in maniera determinante l\u2019esecuzione di movimenti con un corretto lavoro muscolare anche in condizioni di ridotto trofismo e di difficolt\u00e0 di carico. Altrettanto importante \u00e8 l\u2019effetto vasodilatatore\/miorilassante del calore che si ottiene utilizzando acqua riscaldata ad una temperatura di 33\u00b0. <br \/>Nel corso dell\u2019evento&nbsp; si \u00e8 tenuto un incontro sul tema \u201cLa filiera dei servizi sociosanitari per la non autosufficienza\u201d a cui sono intervenuti la Dott.ssa Annamaria Candela Dirigente Serv. Prog.me Sociale e Integrazione Sociosanitaria Regione Puglia; la Dott.ssa Miria Vigneti Dirigente di area Politiche per la promozione alla salute, delle persone e delle pari opportunit\u00e0; il Dott. Salvatore Negro Assessore Regionale al welfare; il Dott. Ignazio Zullo Consigliere Regionale capogruppo di \u201cOltre Fitto\u201d; il Dott. Domenico Coppi Sindaco del Comune di Turi; il Prof. Francesco Tricase Sindaco del Comune di Castellana Grotte; l\u2019Arch. Elena Biagia Mucerino Progettista e Direttore dei lavori Eden New; la Socia Le.Bi.Pa.Mi. Avv. Rosa Leone; il sig. Stefano Leone Amministratore Le. Bi.Pa.Mi. srl; Moderatore il Dott. Giovanni Birardi. Si ringraziano l\u2019Assessore ai SS.SS. del Comune di Turi Dott.ssa Giusy Caldararo; la capo settore Servizi Sociali Comune di Turi Dott.ssa Graziana Tampona; il Comandante Polizia Municipale del Comune di Turi Dott. Raffaele Campanella; L\u2019Assessore ai Servizi Sociali del Comune di Rutigliano Dott.ssa Anna Ancona; Dott. Ubaldo Pagano; i tecnici e le imprese che hanno contribuito alla realizzazione della struttura e quanti sono intervenuti all\u2019evento. <br \/>Eden New rappresenta un luogo in grado di accogliere e rispondere ai bisogni socio sanitari pi\u00f9 disparati, prendendosi cura delle persone anziane e giovani con disabilit\u00e0, che versano in condizioni di necessit\u00e0, attraverso attivit\u00e0 di tipo socio-sanitario, riabilitativo e di terapia occupazionale.<br \/>Struttura che continua, con la sua professionalit\u00e0, a conquistare l&#8217;attenzione e il consenso di sempre&nbsp; pi\u00f9 famiglie, soddisfatte del lavoro che si compie al suo interno e la familiarit\u00e0 con la quale ogni degente, dal pi\u00f9 giovane al pi\u00f9 anziano, vivono il periodo di ricovero. In tanti hanno cos\u00ec applaudito all&#8217;ampliamento della struttura, brindando al banchetto finale con un augurio di un futuro sempre attento ai bisogni della comunit\u00e0 che vi abita.<\/p>\n<p><object height=\"480\" width=\"640\"><param name=\"flashvars\" value=\"offsite=true&amp;lang=it-it&amp;page_show_url=%2Fphotos%2F91470992%40N02%2Fsets%2F72157656643660901%2Fshow%2F&amp;page_show_back_url=%2Fphotos%2F91470992%40N02%2Fsets%2F72157656643660901%2F&amp;set_id=72157656643660901&amp;jump_to=\" \/><param name=\"movie\" value=\"https:\/\/www.flickr.com\/apps\/slideshow\/show.swf?v=1811922554\" \/><param name=\"allowFullScreen\" value=\"true\" \/><embed type=\"application\/x-shockwave-flash\" src=\"https:\/\/www.flickr.com\/apps\/slideshow\/show.swf?v=1811922554\" allowfullscreen=\"true\" flashvars=\"offsite=true&amp;lang=it-it&amp;page_show_url=%2Fphotos%2F91470992%40N02%2Fsets%2F72157656643660901%2Fshow%2F&amp;page_show_back_url=%2Fphotos%2F91470992%40N02%2Fsets%2F72157656643660901%2F&amp;set_id=72157656643660901&amp;jump_to=\" height=\"480\" width=\"640\" \/><\/object><\/p>\n","protected":false},"excerpt":{"rendered":"<p><img loading=\"lazy\" decoding=\"async\" src=\"https:\/\/farm1.staticflickr.com\/484\/20206368561_af6e26858e_n.jpg\" alt=\"DSC01690\" height=\"240\" width=\"320\" \/><\/p>\n","protected":false},"author":1,"featured_media":0,"comment_status":"open","ping_status":"closed","sticky":false,"template":"","format":"standard","meta":{"colormag_page_container_layout":"default_layout","colormag_page_sidebar_layout":"default_layout","footnotes":""},"categories":[7],"tags":[],"class_list":["post-13283","post","type-post","status-publish","format-standard","hentry","category-attualita"],"_links":{"self":[{"href":"https:\/\/archivioturi.lavocedelpaese.info\/index.php\/wp-json\/wp\/v2\/posts\/13283","targetHints":{"allow":["GET"]}}],"collection":[{"href":"https:\/\/archivioturi.lavocedelpaese.info\/index.php\/wp-json\/wp\/v2\/posts"}],"about":[{"href":"https:\/\/archivioturi.lavocedelpaese.info\/index.php\/wp-json\/wp\/v2\/types\/post"}],"author":[{"embeddable":true,"href":"https:\/\/archivioturi.lavocedelpaese.info\/index.php\/wp-json\/wp\/v2\/users\/1"}],"replies":[{"embeddable":true,"href":"https:\/\/archivioturi.lavocedelpaese.info\/index.php\/wp-json\/wp\/v2\/comments?post=13283"}],"version-history":[{"count":0,"href":"https:\/\/archivioturi.lavocedelpaese.info\/index.php\/wp-json\/wp\/v2\/posts\/13283\/revisions"}],"wp:attachment":[{"href":"https:\/\/archivioturi.lavocedelpaese.info\/index.php\/wp-json\/wp\/v2\/media?parent=13283"}],"wp:term":[{"taxonomy":"category","embeddable":true,"href":"https:\/\/archivioturi.lavocedelpaese.info\/index.php\/wp-json\/wp\/v2\/categories?post=13283"},{"taxonomy":"post_tag","embeddable":true,"href":"https:\/\/archivioturi.lavocedelpaese.info\/index.php\/wp-json\/wp\/v2\/tags?post=13283"}],"curies":[{"name":"wp","href":"https:\/\/api.w.org\/{rel}","templated":true}]}}