{"id":13281,"date":"2015-08-01T10:30:56","date_gmt":"2015-08-01T10:30:56","guid":{"rendered":"https:\/\/archivioturi.lavocedelpaese.info\/index.php\/2015\/08\/01\/conferenza-stampa-del-festival-del-belcanto\/"},"modified":"2015-08-01T10:30:56","modified_gmt":"2015-08-01T10:30:56","slug":"conferenza-stampa-del-festival-del-belcanto","status":"publish","type":"post","link":"https:\/\/archivioturi.lavocedelpaese.info\/index.php\/2015\/08\/01\/conferenza-stampa-del-festival-del-belcanto\/","title":{"rendered":"Conferenza stampa del \u201cFestival del Belcanto\u201d"},"content":{"rendered":"<p><img loading=\"lazy\" decoding=\"async\" src=\"https:\/\/farm1.staticflickr.com\/338\/20169123372_d6f4e6f12d_n.jpg\" alt=\"20150724_102220\" height=\"192\" width=\"320\" \/><\/p>\n<p style=\"text-align: justify;\">Si \u00e8 svolta venerd\u00ec, 24 luglio, presso la sala consiliare del comune di Turi, la conferenza stampa di presentazione della V edizione del&nbsp; Festival del Belcanto, che si svolger\u00e0 a Turi, in Piazza Antico Ospedale, dal 1 al 2 agosto, proponendo un ricco calendario di eventi tra musica, ricerca e didattica. <br \/>All\u2019incontro, presieduto dal direttore artistico dell\u2019Accademia \u201cChi \u00e8 di scena?!\u201d,&nbsp; Ferdinando Redavid, sono intervenuti: l\u2019Assessore alla cultura e vicesindaco, Lavinia Orlando, il Maestro Lorenzo Salvatori, l\u2019ex presidente della Pro Loco, Rina Spinelli e la Maestra Zeudi Rella. <br \/>Ad aprire la conferenza, l\u2019Assessore alla cultura e vicesindaco, Lavinia Orlando: \u00abRingrazio l\u2019Accademia \u201cChi \u00e8 di scena?!\u201d, a cui riconosco una serie di professionalit\u00e0 che vanno oltre ad un semplice associazionismo, per aver anche quest\u2019anno proposto e creduto in un progetto che \u00e8 un volano di promozione culturale e turistica non solo per Turi, ma per l\u2019intera Provincia, facendo rete con tutte le realt\u00e0 istituzionali e associative del territorio. Il Comune credendo fortemente nell\u2019alto valore socio-culturale del festival l\u2019ha finanziato, in parte, con un contributo di \u20ac 2.500 a fronte dei 7.000\u20ac necessari per la realizzazione\u00bb. <br \/>Il direttore artistico dell\u2019 Accademia \u201cChi \u00e8 di scena?!\u201d, Ferdinando Redavid ha ringraziato Lavinia Orlando e ha sottolineato come \u00abil festival \u00e8 un progetto di altissimo profilo e costituisce un\u2019opportunit\u00e0 di crescita culturale per il nostro paese. Anche quest\u2019anno la nostra associazione assicurer\u00e0 un\u2019offerta di qualit\u00e0, con grandi artisti e studiosi, rafforzando sempre di pi\u00f9 a livello territoriale e nazionale le iniziative gi\u00e0 intraprese per il recupero organico e rigoroso dell\u2019operista e del linguaggio melodrammaturgico del suo tempo\u00bb. <br \/>Il Festival del Belcanto si suddivider\u00e0 in due serate che vedranno come&nbsp; protagonisti due importanti ospiti: la giornalista, Gaia Maschi Verdi, che sar\u00e0 intervistata, nella giornata di sabato 1 agosto, dalla giornalista di Telenorba Maria Liuzzi, e il tenore Dario di Vietri che, nella serata di domenica 2 agosto, ricever\u00e0 il Premio del Belcanto. La prima serata sar\u00e0 costellata dai pi\u00f9 bei duetti, terzetti e concertati del Belcanto tratti da Mozart, Rossini, Verdi e Offembach, in cui si esibiranno: Natalizia Carone, Angela Lomurno, Zeudi Rella, Nicola D\u2019Alessandro, Lorenzo Salvatori e Giuseppe Bini. La seconda serata, invece, oltre alla premiazione del tenore Dario di Vietri, vedr\u00e0 l\u2019esibizione dell\u2019Orchestra Gershwin, diretta da Ferdinando Redavid, l\u2019esibizione danzante di Antonella Di Noia e l\u2019esibizione di: Natalizia Carone, Angela Lomurno, Zeudi Rella e Lorenzo Salvatori. La conferenza si \u00e8 conclusa con i ringraziamenti da parte del direttore artistico dell\u2019 Accademia \u201cChi \u00e8 di scena?!\u201d, Ferdinando Redavid all\u2019amministrazione comunale, agli sponsor, a Fabio Basile per la realizzazione del premio del Belcanto, alla segreteria organizzativa, ai \u201cLions Club\u201d e a Domenico Matarrese.<\/p>\n<p><img loading=\"lazy\" decoding=\"async\" src=\"https:\/\/farm1.staticflickr.com\/311\/20177244625_94d34caf0e_c.jpg\" alt=\"Locandina Festival senza SP\" height=\"800\" width=\"571\" \/><\/p>\n","protected":false},"excerpt":{"rendered":"<p><img loading=\"lazy\" decoding=\"async\" src=\"https:\/\/farm1.staticflickr.com\/338\/20169123372_d6f4e6f12d_n.jpg\" alt=\"20150724_102220\" height=\"192\" width=\"320\" \/><\/p>\n","protected":false},"author":1,"featured_media":0,"comment_status":"open","ping_status":"closed","sticky":false,"template":"","format":"standard","meta":{"colormag_page_container_layout":"default_layout","colormag_page_sidebar_layout":"default_layout","footnotes":""},"categories":[6],"tags":[],"class_list":["post-13281","post","type-post","status-publish","format-standard","hentry","category-cultura"],"_links":{"self":[{"href":"https:\/\/archivioturi.lavocedelpaese.info\/index.php\/wp-json\/wp\/v2\/posts\/13281","targetHints":{"allow":["GET"]}}],"collection":[{"href":"https:\/\/archivioturi.lavocedelpaese.info\/index.php\/wp-json\/wp\/v2\/posts"}],"about":[{"href":"https:\/\/archivioturi.lavocedelpaese.info\/index.php\/wp-json\/wp\/v2\/types\/post"}],"author":[{"embeddable":true,"href":"https:\/\/archivioturi.lavocedelpaese.info\/index.php\/wp-json\/wp\/v2\/users\/1"}],"replies":[{"embeddable":true,"href":"https:\/\/archivioturi.lavocedelpaese.info\/index.php\/wp-json\/wp\/v2\/comments?post=13281"}],"version-history":[{"count":0,"href":"https:\/\/archivioturi.lavocedelpaese.info\/index.php\/wp-json\/wp\/v2\/posts\/13281\/revisions"}],"wp:attachment":[{"href":"https:\/\/archivioturi.lavocedelpaese.info\/index.php\/wp-json\/wp\/v2\/media?parent=13281"}],"wp:term":[{"taxonomy":"category","embeddable":true,"href":"https:\/\/archivioturi.lavocedelpaese.info\/index.php\/wp-json\/wp\/v2\/categories?post=13281"},{"taxonomy":"post_tag","embeddable":true,"href":"https:\/\/archivioturi.lavocedelpaese.info\/index.php\/wp-json\/wp\/v2\/tags?post=13281"}],"curies":[{"name":"wp","href":"https:\/\/api.w.org\/{rel}","templated":true}]}}