{"id":13271,"date":"2015-07-24T16:37:40","date_gmt":"2015-07-24T16:37:40","guid":{"rendered":"https:\/\/archivioturi.lavocedelpaese.info\/index.php\/2015\/07\/24\/la-grande-guerra-due-appuntamenti-da-ricordare\/"},"modified":"2015-07-24T16:37:40","modified_gmt":"2015-07-24T16:37:40","slug":"la-grande-guerra-due-appuntamenti-da-ricordare","status":"publish","type":"post","link":"https:\/\/archivioturi.lavocedelpaese.info\/index.php\/2015\/07\/24\/la-grande-guerra-due-appuntamenti-da-ricordare\/","title":{"rendered":"La Grande Guerra. Due appuntamenti da ricordare"},"content":{"rendered":"<p><img loading=\"lazy\" decoding=\"async\" src=\"https:\/\/farm1.staticflickr.com\/441\/19964957122_aa66bdbc5a_n.jpg\" alt=\"1\" height=\"216\" width=\"320\" \/><\/p>\n<p>Il Comitato sulla Prima Guerra Mondiale, costituitosi negli scorsi mesi e composto da studiosi locali e membri dell&#8217;amministrazione comunale, al fine di elaborare e mettere in atto una serie di momenti di approfondimento incentrati sul primo conflitto mondiale, organizza tra la fine di luglio ed i primi giorni di agosto due serate a ci\u00f2 dedicate.<br \/>Il 24 luglio, presso Piazza Silvio Orlandi, alle ore 20, si ripercorrer\u00e0 il dibattito politico sull&#8217;ingresso dell&#8217;Italia in guerra, con riferimento a tensioni, scontri, appelli che hanno diviso la penisola tra interventisti e neutralisti, attraverso la lettura di testimonianze, discorsi, articoli dei protagonisti politici e culturali dell&#8217;epoca. &nbsp;<br \/>Il 3 agosto, sempre alle ore 20, presso il Chiostro dei Francescani (nei pressi della Chiesa di San Giovanni), si terr\u00e0 la proiezione di un film-documentario, che ripercorrer\u00e0 i momenti salienti dall&#8217;ingresso dell&#8217;Italia in guerra sino al 3 agosto 2015 e proseguendo fino alla fine dell&#8217;anno, incentrando particolarmente l&#8217;attenzione sulle battaglie che hanno visto cadere cittadini turesi. La serata, nata in collaborazione con l&#8217;Associazione Nazionale Bersaglieri &#8211; Turi, preveder\u00e0 la partecipazione del coro delle Universit\u00e0 della Terza Et\u00e0 di Turi e di Mola di Bari. &nbsp;<br \/>Il 24 luglio, alle ore 19, presso il Chiostro dei Francescani, sar\u00e0 inoltre inaugurata la mostra \u201cDentro la grande guerra. PAROLE &amp; VOLTI IN MOSTRA\u201d, raccolta di documentazione inedita, che sar\u00e0 aperta al pubblico fino al 3 agosto (si ringrazia, a tal fine, l&#8217;Associazione Il Viandante, che provveder\u00e0 alla sorveglianza del materiale esposto). L&#8217;allestimento, possibile grazie al prezioso e disinteressato contributo di Vitoronzo Pastore, studioso e collezionista, comprende, tra le altre, corrispondenza dal fronte, cartoline, franchigie ed immagini e rappresenta un&#8217;autentica prima nazionale, atta ad illustrare le vicende storico-postali della Grande Guerra.<\/p>\n<p style=\"text-align: right;\">Il Comitato sulla Prima Guerra Mondiale <br \/>L&#8217;Amministrazione Comunale<\/p>\n<p><a data-flickr-embed=\"true\" href=\"https:\/\/www.flickr.com\/photos\/91470992@N02\/19784660250\/in\/dateposted-public\/\" title=\"IMG-20150723-WA0003\"><img loading=\"lazy\" decoding=\"async\" src=\"https:\/\/farm1.staticflickr.com\/306\/19784660250_24f9f3fcd2.jpg\" alt=\"IMG-20150723-WA0003\" height=\"500\" width=\"370\" \/><\/a> <a data-flickr-embed=\"true\" href=\"https:\/\/www.flickr.com\/photos\/91470992@N02\/19785932779\/in\/dateposted-public\/\" title=\"IMG-20150723-WA0004\"><img loading=\"lazy\" decoding=\"async\" src=\"https:\/\/farm1.staticflickr.com\/464\/19785932779_7e4c3d20d8.jpg\" alt=\"IMG-20150723-WA0004\" height=\"500\" width=\"344\" \/><\/a><\/p>\n","protected":false},"excerpt":{"rendered":"<p><img loading=\"lazy\" decoding=\"async\" src=\"https:\/\/farm1.staticflickr.com\/441\/19964957122_aa66bdbc5a_n.jpg\" alt=\"1\" height=\"216\" width=\"320\" \/><\/p>\n","protected":false},"author":1,"featured_media":0,"comment_status":"open","ping_status":"closed","sticky":false,"template":"","format":"standard","meta":{"colormag_page_container_layout":"default_layout","colormag_page_sidebar_layout":"default_layout","footnotes":""},"categories":[6],"tags":[],"class_list":["post-13271","post","type-post","status-publish","format-standard","hentry","category-cultura"],"_links":{"self":[{"href":"https:\/\/archivioturi.lavocedelpaese.info\/index.php\/wp-json\/wp\/v2\/posts\/13271","targetHints":{"allow":["GET"]}}],"collection":[{"href":"https:\/\/archivioturi.lavocedelpaese.info\/index.php\/wp-json\/wp\/v2\/posts"}],"about":[{"href":"https:\/\/archivioturi.lavocedelpaese.info\/index.php\/wp-json\/wp\/v2\/types\/post"}],"author":[{"embeddable":true,"href":"https:\/\/archivioturi.lavocedelpaese.info\/index.php\/wp-json\/wp\/v2\/users\/1"}],"replies":[{"embeddable":true,"href":"https:\/\/archivioturi.lavocedelpaese.info\/index.php\/wp-json\/wp\/v2\/comments?post=13271"}],"version-history":[{"count":0,"href":"https:\/\/archivioturi.lavocedelpaese.info\/index.php\/wp-json\/wp\/v2\/posts\/13271\/revisions"}],"wp:attachment":[{"href":"https:\/\/archivioturi.lavocedelpaese.info\/index.php\/wp-json\/wp\/v2\/media?parent=13271"}],"wp:term":[{"taxonomy":"category","embeddable":true,"href":"https:\/\/archivioturi.lavocedelpaese.info\/index.php\/wp-json\/wp\/v2\/categories?post=13271"},{"taxonomy":"post_tag","embeddable":true,"href":"https:\/\/archivioturi.lavocedelpaese.info\/index.php\/wp-json\/wp\/v2\/tags?post=13271"}],"curies":[{"name":"wp","href":"https:\/\/api.w.org\/{rel}","templated":true}]}}