{"id":13265,"date":"2015-07-27T08:29:57","date_gmt":"2015-07-27T08:29:57","guid":{"rendered":"https:\/\/archivioturi.lavocedelpaese.info\/index.php\/2015\/07\/27\/in-giappone-per-il-23d-jamboree\/"},"modified":"2015-07-27T08:29:57","modified_gmt":"2015-07-27T08:29:57","slug":"in-giappone-per-il-23d-jamboree","status":"publish","type":"post","link":"https:\/\/archivioturi.lavocedelpaese.info\/index.php\/2015\/07\/27\/in-giappone-per-il-23d-jamboree\/","title":{"rendered":"In Giappone per il 23\u00b0 Jamboree"},"content":{"rendered":"<p><img loading=\"lazy\" decoding=\"async\" src=\"https:\/\/farm1.staticflickr.com\/496\/19976971811_6ec76134d0_n.jpg\" alt=\"Il gruppo pugliese del Jamboree\" height=\"213\" width=\"320\" \/><\/p>\n<p style=\"text-align: justify;\">Sono partiti il 24 luglio e per 14 giorni saranno gli ambasciatori del gruppo Agesci di Turi. Sono Stefania Perfido e Stafano Di Donna, i due scout <img loading=\"lazy\" decoding=\"async\" style=\"margin-top: 10px; margin-bottom: 10px; margin-left: 10px; float: right;\" src=\"https:\/\/farm1.staticflickr.com\/327\/19349135684_bde9f4d3ac_n.jpg\" alt=\"Gli Ambasciatori di Turi, Stefano Di Donna e Stefania Perfido\" height=\"320\" width=\"240\" \/>selezionati per far parte del contingente pugliese che parteciper\u00e0 al Jamboree in Giappone.<br \/>Ragazzi di diverse et\u00e0 che si ritroveranno nella terra orientale, precisamente a Kirara-Hama, Yamaguchi City, ad Ovest di Honshu per confrontarsi su &#8220;WA: a Spirit of Unity&#8221;: unit\u00e0, armonia, cooperazione, amicizia e pace. WA \u00e8 l&#8217;essenza della cultura giapponese. Il logo del Jamboree \u00e8 un nodo Mizuhiki fatto con una speciale corda di carta di riso, ed \u00e8 utilizzato per ricorrenze come nascite e matrimoni. I tre colori con cui \u00e8 rappresentato significano: energia, ovvero l&#8217;energia degli scout di tutto il mondo, il dinamismo del movimento scout e il coinvolgimento in diversi ambiti; innovazione, l&#8217;esperienza del Jamboree \u00e8 conoscere culture, tradizioni e differenti modi di pensare; armonia: gli scout, pur di differente cultura, religione ed esperienza, rappresentano una cultura di pace, vivendo insieme, rispettandosi e aiutandosi.<br \/>Emozionati e entusiasti i ragazzi turesi, ambasciatori di un&#8217;esperienza di cui racconteranno, con un diario di viaggio, le due settimane giapponesi. \u201cLo scorso anno ci chiesero chi volesse partecipare\u201d \u2013 ci racconta Stefania e dopo una selezione eccoli salire sull&#8217;aereo che li unir\u00e0 agli scout di tutto il mondo.<br \/>\u201cNon saremo soli \u2013 ha per\u00f2 precisato Stefania \u2013 perch\u00e9 porter\u00f2 con me tutto il mio gruppoe loro parteciperanno indirettamente al Jam attraverso i miei racconti\u201d.<br \/>Un&#8217;esperienza unica ed incredibile, che vedr\u00e0 Stefania e Stefano immersi nella possibilit\u00e0 di raccontare e far conoscere l&#8217;Italia a un paese che \u00e8 distante non solo geograficamente, ma anche culturalmente. Raccontare, ma al tempo stesso essere capaci di ascoltare, la storia di chi si avr\u00e0 modo di incontrare, per tornare a casa con tante storie da condividere. Il 23\u00b0 Jamboree ha un forte collegamento anche con il tema della pace. Durante il Jamboree cadr\u00e0 il 70\u00b0 anniversario della bomba su Hiroshima. Si ricorder\u00e0 un evento che per il mondo ha significato la fine della II guerra mondiale, ma per il Giappone ha richiesto un tributo di vittime enorme e ha cambiato completamente gli equilibri mondiali e tutte le logiche alla base del mantenimento della pace. <br \/>\u201cI 9731 km che separano il Giappone dall\u2019 Italia sono il solo ostacolo da superare per arrivare in una delle pi\u00f9 belle terre di tutto il globo, grazie alle sue rinomate tradizioni e grazie all\u2019avanzata tecnologia con cui verremo subito a contatto\u201d. \u201cL\u2019emozione che ognuno di noi sta provando piano piano arriver\u00e0 alle stelle per poi atterrare in Giappone, dove non vediamo l\u2019 ora di essere accolti dalle famiglie che ci ospiteranno nei primi giorni di permanenza\u201d &#8211; ha aggiunto Stefania. <br \/>Ma nulla \u00e8 lasciato al caso e in preparazione del 23\u00b0 Jamboree, \u201cnoi rappresentanti della Puglia, abbiamo intrapreso un percorso alla scoperta della storia di don Tonino Bello e Umberto Nobile. Infatti, a loro sono dedicati i due reparti in cui siamo suddivisi. Durante i campetti di preparazione abbiamo riflettuto sia sull\u2019importanza delle tradizioni della nostra regione, il punto di partenza, che sul folklore giapponese, la nostra meta\u201d. <br \/>\u201cPer noi il Jamboree \u00e8 un sogno che si avvera\u201d &#8211; ha quindi concluso.<br \/>Che il 23\u00b0 World Scout Jamboree abbia inizio. Vi aspettiamo ad agosto, con i vostri racconti, le vostre storie, le vostre emozioni.<\/p>\n","protected":false},"excerpt":{"rendered":"<p><img loading=\"lazy\" decoding=\"async\" src=\"https:\/\/farm1.staticflickr.com\/496\/19976971811_6ec76134d0_n.jpg\" alt=\"Il gruppo pugliese del Jamboree\" height=\"213\" width=\"320\" \/><\/p>\n","protected":false},"author":1,"featured_media":0,"comment_status":"open","ping_status":"closed","sticky":false,"template":"","format":"standard","meta":{"colormag_page_container_layout":"default_layout","colormag_page_sidebar_layout":"default_layout","footnotes":""},"categories":[6],"tags":[],"class_list":["post-13265","post","type-post","status-publish","format-standard","hentry","category-cultura"],"_links":{"self":[{"href":"https:\/\/archivioturi.lavocedelpaese.info\/index.php\/wp-json\/wp\/v2\/posts\/13265","targetHints":{"allow":["GET"]}}],"collection":[{"href":"https:\/\/archivioturi.lavocedelpaese.info\/index.php\/wp-json\/wp\/v2\/posts"}],"about":[{"href":"https:\/\/archivioturi.lavocedelpaese.info\/index.php\/wp-json\/wp\/v2\/types\/post"}],"author":[{"embeddable":true,"href":"https:\/\/archivioturi.lavocedelpaese.info\/index.php\/wp-json\/wp\/v2\/users\/1"}],"replies":[{"embeddable":true,"href":"https:\/\/archivioturi.lavocedelpaese.info\/index.php\/wp-json\/wp\/v2\/comments?post=13265"}],"version-history":[{"count":0,"href":"https:\/\/archivioturi.lavocedelpaese.info\/index.php\/wp-json\/wp\/v2\/posts\/13265\/revisions"}],"wp:attachment":[{"href":"https:\/\/archivioturi.lavocedelpaese.info\/index.php\/wp-json\/wp\/v2\/media?parent=13265"}],"wp:term":[{"taxonomy":"category","embeddable":true,"href":"https:\/\/archivioturi.lavocedelpaese.info\/index.php\/wp-json\/wp\/v2\/categories?post=13265"},{"taxonomy":"post_tag","embeddable":true,"href":"https:\/\/archivioturi.lavocedelpaese.info\/index.php\/wp-json\/wp\/v2\/tags?post=13265"}],"curies":[{"name":"wp","href":"https:\/\/api.w.org\/{rel}","templated":true}]}}