{"id":13262,"date":"2015-07-27T05:19:49","date_gmt":"2015-07-27T05:19:49","guid":{"rendered":"https:\/\/archivioturi.lavocedelpaese.info\/index.php\/2015\/07\/27\/le-farfalle-in-villa\/"},"modified":"2015-07-27T05:19:49","modified_gmt":"2015-07-27T05:19:49","slug":"le-farfalle-in-villa","status":"publish","type":"post","link":"https:\/\/archivioturi.lavocedelpaese.info\/index.php\/2015\/07\/27\/le-farfalle-in-villa\/","title":{"rendered":"Le farfalle&#8230; in villa"},"content":{"rendered":"<p><img loading=\"lazy\" decoding=\"async\" src=\"https:\/\/farm1.staticflickr.com\/370\/19348956214_b664dd3602_n.jpg\" alt=\"La natura e i suoi colori- in villa le 50 farfalle2\" height=\"240\" width=\"320\" \/><\/p>\n<p style=\"text-align: justify;\">Ci auguriamo che con i loro colori e la grande fantasia, possano colorare non solo la villa comunale, ma anche lo spirito di chi le osserva. Sono le farfalle che dal pomeriggio di marted\u00ec 22 luglio sono state posate sugli alberi centrali della villa comunale, attorno alla fontana. <br \/>&#8220;Nulla succede per caso&#8221; \u00e8 il nome dell&#8217;installazione ideata da Alessandro Fabio Basile che con l&#8217;ausilio di piccoli e grandi artisti hanno creato cinquanta farfalle frutto della sola creativit\u00e0 e fantasia.<br \/>&#8220;Tutto nasce da un disagio&#8221; \u2013 ci spiega l&#8217;ideatore. &#8220;Frequento tutti i giorni la villa comunale perch\u00e9 accompagno mio figlo che incontra i suoi amici di giochi, ed ho raccolto le lamentele di molti genitori e amici, sulla situazione di depressione che si sente stando seduti per molto tempo sulle panchine scomode della villa&#8221;. Un ambiente poco sorridente, che stride con lo spirito libero dei pi\u00f9 piccoli e con la voglia, dei genitori, di farli divertire in modo semplice e sereno. Cos\u00ec, raccogliendo i commenti generali dei turesi, l&#8217;artista turese ha pensao di &#8220;cercare di abbellire il giardino&#8221;. &#8220;Inizialmente \u2013 quindi continua &#8211; volevo eseguire le farfalle, simbolo di leggerezza e bellezza, che sembri abbiamo perso, io stesso&#8221;. &#8220;Poi mi \u00e8 sembrato pi\u00f9 giusto condividere questa mia idea con gli amici della villa, genitori, figli e nonni&#8221;. Un &#8220;esercito di18 creativi che si sono riuniti per quattro pomeriggi e, impugnando pennelli e colori, hanno realizzato 50 farfalle dipinte su cartone riciclato.&nbsp;&nbsp; &#8220;Ci siamo divertiti tantissimo&#8221; \u2013 aggiunge con soddisfazione Basile, sottolineando come tutti uniti, con tanta fantasia e utilizzando materiale riciclato, si possono realizzare cose carine e semplici e che piacciono all&#8217;intera comunit\u00e0.<br \/>&#8220;Il segreto non \u00e8 correre dietro le farfalle ma curare il giardino perch\u00e9 vengano da te&#8221; \u00e8 il messaggio che campeggia le cinquanta farfalle, fa comprendere che &#8220;non possiamo e dobbiamo arrenderci alle brutture e all&#8217;abbandono&#8221;.<br \/>Ma chi sono gli artisti? Non vi resta che leggere i loro nomi sulla grande farfalla che compare al centro del manifesto e che racchiude chi, dai 6 agli 81 anni hanno condiviso il pensiero di Fabio Basile e con lui, dato un tocco di colore alla villa.<\/p>\n<p><object height=\"480\" width=\"640\"><param name=\"flashvars\" value=\"offsite=true&amp;lang=it-it&amp;page_show_url=%2Fphotos%2F91470992%40N02%2Fsets%2F72157653960856834%2Fshow%2F&amp;page_show_back_url=%2Fphotos%2F91470992%40N02%2Fsets%2F72157653960856834%2F&amp;set_id=72157653960856834&amp;jump_to=\" \/><param name=\"movie\" value=\"https:\/\/www.flickr.com\/apps\/slideshow\/show.swf?v=1811922554\" \/><param name=\"allowFullScreen\" value=\"true\" \/><embed type=\"application\/x-shockwave-flash\" src=\"https:\/\/www.flickr.com\/apps\/slideshow\/show.swf?v=1811922554\" allowfullscreen=\"true\" flashvars=\"offsite=true&amp;lang=it-it&amp;page_show_url=%2Fphotos%2F91470992%40N02%2Fsets%2F72157653960856834%2Fshow%2F&amp;page_show_back_url=%2Fphotos%2F91470992%40N02%2Fsets%2F72157653960856834%2F&amp;set_id=72157653960856834&amp;jump_to=\" height=\"480\" width=\"640\" \/><\/object><\/p>\n","protected":false},"excerpt":{"rendered":"<p><img loading=\"lazy\" decoding=\"async\" src=\"https:\/\/farm1.staticflickr.com\/370\/19348956214_b664dd3602_n.jpg\" alt=\"La natura e i suoi colori- in villa le 50 farfalle2\" height=\"240\" width=\"320\" \/><\/p>\n","protected":false},"author":1,"featured_media":0,"comment_status":"open","ping_status":"closed","sticky":false,"template":"","format":"standard","meta":{"colormag_page_container_layout":"default_layout","colormag_page_sidebar_layout":"default_layout","footnotes":""},"categories":[6],"tags":[],"class_list":["post-13262","post","type-post","status-publish","format-standard","hentry","category-cultura"],"_links":{"self":[{"href":"https:\/\/archivioturi.lavocedelpaese.info\/index.php\/wp-json\/wp\/v2\/posts\/13262","targetHints":{"allow":["GET"]}}],"collection":[{"href":"https:\/\/archivioturi.lavocedelpaese.info\/index.php\/wp-json\/wp\/v2\/posts"}],"about":[{"href":"https:\/\/archivioturi.lavocedelpaese.info\/index.php\/wp-json\/wp\/v2\/types\/post"}],"author":[{"embeddable":true,"href":"https:\/\/archivioturi.lavocedelpaese.info\/index.php\/wp-json\/wp\/v2\/users\/1"}],"replies":[{"embeddable":true,"href":"https:\/\/archivioturi.lavocedelpaese.info\/index.php\/wp-json\/wp\/v2\/comments?post=13262"}],"version-history":[{"count":0,"href":"https:\/\/archivioturi.lavocedelpaese.info\/index.php\/wp-json\/wp\/v2\/posts\/13262\/revisions"}],"wp:attachment":[{"href":"https:\/\/archivioturi.lavocedelpaese.info\/index.php\/wp-json\/wp\/v2\/media?parent=13262"}],"wp:term":[{"taxonomy":"category","embeddable":true,"href":"https:\/\/archivioturi.lavocedelpaese.info\/index.php\/wp-json\/wp\/v2\/categories?post=13262"},{"taxonomy":"post_tag","embeddable":true,"href":"https:\/\/archivioturi.lavocedelpaese.info\/index.php\/wp-json\/wp\/v2\/tags?post=13262"}],"curies":[{"name":"wp","href":"https:\/\/api.w.org\/{rel}","templated":true}]}}