{"id":1325,"date":"2010-01-26T16:41:30","date_gmt":"2010-01-26T16:41:30","guid":{"rendered":"https:\/\/archivioturi.lavocedelpaese.info\/index.php\/2010\/01\/26\/palazzetto-seconda-ordinanza-per-utilizzarlo\/"},"modified":"2010-01-26T16:41:30","modified_gmt":"2010-01-26T16:41:30","slug":"palazzetto-seconda-ordinanza-per-utilizzarlo","status":"publish","type":"post","link":"https:\/\/archivioturi.lavocedelpaese.info\/index.php\/2010\/01\/26\/palazzetto-seconda-ordinanza-per-utilizzarlo\/","title":{"rendered":"PALAZZETTO, SECONDA ORDINANZA PER UTILIZZARLO"},"content":{"rendered":"<p><img loading=\"lazy\" decoding=\"async\" class=\" size-full wp-image-1324\" alt=\"IMG_4120\" src=\"https:\/\/archivioturi.lavocedelpaese.info\/wp-content\/uploads\/2010\/01\/IMG_4120.jpg\" width=\"320\" height=\"150\" srcset=\"https:\/\/archivioturi.lavocedelpaese.info\/wp-content\/uploads\/2010\/01\/IMG_4120.jpg 640w, https:\/\/archivioturi.lavocedelpaese.info\/wp-content\/uploads\/2010\/01\/IMG_4120-300x141.jpg 300w\" sizes=\"auto, (max-width: 320px) 100vw, 320px\" \/><\/p>\n<p style=\"text-align: justify;\"><span style=\"font-size: 10pt;\"><span style=\"font-family: verdana,geneva;\">\u00c8 pronta la seconda ordinanza sindacale che permetter\u00e0, a partire dal 10 febbraio fino al 30 giugno prossimo, all&#8217;ASP Villa Menelao Turi di giocare ed allenarsi nel Palazzetto dello Sport.<\/span><\/span><\/p>\n<div style=\"text-align: justify;\"><\/div>\n<p style=\"text-align: justify;\"><span style=\"font-size: 10pt;\"><span style=\"font-family: verdana,geneva;\">Ormai lo sappiamo tutti, <strong>la struttura \u00e8 da qualche tempo attiva e i cittadini turesi ne stanno usufruendo in tanti per seguire la squadra locale di pallavolo maschile<\/strong>.<\/span><\/span><\/p>\n<div style=\"text-align: justify;\"><\/div>\n<p style=\"text-align: justify;\"><span style=\"font-size: 10pt;\"><span style=\"font-family: verdana,geneva;\">Tuttavia, lo stesso Palazzetto, o palestra polifunzionale, cos\u00ec come lo chiama pi\u00f9 giustamente il Libro Bianco delle opere pubbliche emanato da questa Amministrazione nel 2009, non \u00e8 ancora ultimato: tutt&#8217;ora <strong>ci sono ancora dei cantieri aperti<\/strong> attorno alla struttura che prevedono parcheggi e altri interventi.<\/span><\/span><\/p>\n<div style=\"text-align: justify;\"><\/div>\n<p style=\"text-align: justify;\"><span style=\"font-size: 10pt;\"><span style=\"font-family: verdana,geneva;\">Per far si che si continui ad utilizzare il Palazzetto per le gare interne<\/span><\/span><span style=\"font-size: 10pt;\"><span style=\"font-family: verdana,geneva;\"> della squadra maschile di pallavolo turese, \u00e8 stato perci\u00f2 necessario emanare un&#8217;ulteriore ordinanza dopo quella trimestrale pubblicata il 10 ottobre scorso.<\/span><\/span><\/p>\n<div style=\"text-align: justify;\"><\/div>\n<p style=\"text-align: justify;\"><span style=\"font-size: 10pt;\"><span style=\"font-family: verdana,geneva;\">Allo stato attuale, sono stati rilasciati il certificato di co<\/span><\/span><span style=\"font-size: 10pt;\"><span style=\"font-family: verdana,geneva;\">llaudo statico e conformit\u00e0, nonch\u00e9 il DVR ed il DUVRI; \u00e8 stato redatto il Capitolato per l\u2019affidamento della gara, ma non sono stati ancora completati il piano<\/span><\/span><img loading=\"lazy\" decoding=\"async\" class=\" alignright size-full wp-image-578\" style=\"margin: 10px 0px 10px 10px; float: right;\" alt=\"palazzetto-esterno\" src=\"https:\/\/archivioturi.lavocedelpaese.info\/wp-content\/uploads\/2009\/10\/palazzetto-esterno.jpg\" width=\"320\" height=\"213\" srcset=\"https:\/\/archivioturi.lavocedelpaese.info\/wp-content\/uploads\/2009\/10\/palazzetto-esterno.jpg 320w, https:\/\/archivioturi.lavocedelpaese.info\/wp-content\/uploads\/2009\/10\/palazzetto-esterno-300x200.jpg 300w\" sizes=\"auto, (max-width: 320px) 100vw, 320px\" \/><span style=\"font-size: 10pt;\"><span style=\"font-family: verdana,geneva;\"> tecnico finanziario e le procedure finalizzate all\u2019acquisizione del collaudo tecnicoam<\/span><\/span><span style=\"font-size: 10pt;\"><span style=\"font-family: verdana,geneva;\">ministrativo.<\/span><\/span><\/p>\n<div style=\"text-align: justify;\"><\/div>\n<p style=\"text-align: justify;\"><span style=\"font-size: 10pt;\"><span style=\"font-family: verdana,geneva;\">Nelle attesa del completamento delle predette procedure, il Sindaco si \u00e8 impegnato ancora una volta a prendersi la responsabilit\u00e0 per far continuare ad utilizzare il Palazzetto poich\u00e9 &#8220;\u00e8 interesse di quest\u2019Amministrazione dare prosieguo all\u2019utilizzo dell\u2019immobile sussistendone i requisiti di sicurezza&#8221;.<\/span><\/span><\/p>\n<div style=\"text-align: justify;\"><\/div>\n<p style=\"text-align: justify;\"><span style=\"font-size: 10pt;\"><span style=\"font-family: verdana,geneva;\">Nel contempo, la societ\u00e0 che sta usufruendo della struttura sportiva si impegner\u00e0, cos\u00ec come ha fatto in questi primi mesi, alla pulizia degli immobili, alla guardiania della struttura, al rimborso di tutte le utenze (elettriche, idriche ed energetiche), all&#8217;eliminazione di tutti i rischi da interferenza derivanti dall\u2019espletamento della propria attivit\u00e0, assicurazione R.C.T. a tutela degli atleti e di tutti i soggetti abilitati a frequentare gli impianti, con esclusione di qualsiasi responsabilit\u00e0 per danni a persone e cose a carico dell\u2019Amministrazione, riconsegna degli immobili sgombri da attrezzi, materiali in uso all\u2019A.S.P., con l\u2019impegno a rifondere le spese per qualsiasi danno provocato alla struttura nel corso dell\u2019attivit\u00e0.<\/span><\/span><\/p>\n<div style=\"text-align: justify;\"><\/div>\n<p style=\"text-align: justify;\"><strong><span style=\"font-size: 10pt;\"><span style=\"font-family: verdana,geneva;\">Tutti i cittadini turesi potranno, cos\u00ec, tranquillamente seguire i propri beniamini di B1 fino a fine stagione.<\/span><\/span><\/strong><\/p>\n<div style=\"text-align: justify;\"><\/div>\n<p style=\"text-align: justify;\"><strong><span style=\"font-size: 10pt;\"><span style=\"font-family: verdana,geneva;\">Un grosso &#8220;in bocca al lupo&#8221; alla squadra da parte di tutto lo staff di Turiweb.it.<\/span><\/span><\/strong><\/p>\n","protected":false},"excerpt":{"rendered":"<p><img loading=\"lazy\" decoding=\"async\" class=\" size-full wp-image-1324\" alt=\"IMG_4120\" src=\"https:\/\/archivioturi.lavocedelpaese.info\/wp-content\/uploads\/2010\/01\/IMG_4120.jpg\" width=\"320\" height=\"150\" srcset=\"https:\/\/archivioturi.lavocedelpaese.info\/wp-content\/uploads\/2010\/01\/IMG_4120.jpg 640w, https:\/\/archivioturi.lavocedelpaese.info\/wp-content\/uploads\/2010\/01\/IMG_4120-300x141.jpg 300w\" sizes=\"auto, (max-width: 320px) 100vw, 320px\" \/><\/p>\n","protected":false},"author":1,"featured_media":1324,"comment_status":"open","ping_status":"closed","sticky":false,"template":"","format":"standard","meta":{"colormag_page_container_layout":"default_layout","colormag_page_sidebar_layout":"default_layout","footnotes":""},"categories":[5],"tags":[],"class_list":["post-1325","post","type-post","status-publish","format-standard","has-post-thumbnail","hentry","category-sport"],"_links":{"self":[{"href":"https:\/\/archivioturi.lavocedelpaese.info\/index.php\/wp-json\/wp\/v2\/posts\/1325","targetHints":{"allow":["GET"]}}],"collection":[{"href":"https:\/\/archivioturi.lavocedelpaese.info\/index.php\/wp-json\/wp\/v2\/posts"}],"about":[{"href":"https:\/\/archivioturi.lavocedelpaese.info\/index.php\/wp-json\/wp\/v2\/types\/post"}],"author":[{"embeddable":true,"href":"https:\/\/archivioturi.lavocedelpaese.info\/index.php\/wp-json\/wp\/v2\/users\/1"}],"replies":[{"embeddable":true,"href":"https:\/\/archivioturi.lavocedelpaese.info\/index.php\/wp-json\/wp\/v2\/comments?post=1325"}],"version-history":[{"count":0,"href":"https:\/\/archivioturi.lavocedelpaese.info\/index.php\/wp-json\/wp\/v2\/posts\/1325\/revisions"}],"wp:featuredmedia":[{"embeddable":true,"href":"https:\/\/archivioturi.lavocedelpaese.info\/index.php\/wp-json\/wp\/v2\/media\/1324"}],"wp:attachment":[{"href":"https:\/\/archivioturi.lavocedelpaese.info\/index.php\/wp-json\/wp\/v2\/media?parent=1325"}],"wp:term":[{"taxonomy":"category","embeddable":true,"href":"https:\/\/archivioturi.lavocedelpaese.info\/index.php\/wp-json\/wp\/v2\/categories?post=1325"},{"taxonomy":"post_tag","embeddable":true,"href":"https:\/\/archivioturi.lavocedelpaese.info\/index.php\/wp-json\/wp\/v2\/tags?post=1325"}],"curies":[{"name":"wp","href":"https:\/\/api.w.org\/{rel}","templated":true}]}}