{"id":13247,"date":"2015-07-20T15:33:23","date_gmt":"2015-07-20T15:33:23","guid":{"rendered":"https:\/\/archivioturi.lavocedelpaese.info\/index.php\/2015\/07\/20\/con-lauser-i-colori-di-piazza-venusio\/"},"modified":"2015-07-20T15:33:23","modified_gmt":"2015-07-20T15:33:23","slug":"con-lauser-i-colori-di-piazza-venusio","status":"publish","type":"post","link":"https:\/\/archivioturi.lavocedelpaese.info\/index.php\/2015\/07\/20\/con-lauser-i-colori-di-piazza-venusio\/","title":{"rendered":"Con l&#8217;Auser, i colori di piazza Venusio"},"content":{"rendered":"<p><img loading=\"lazy\" decoding=\"async\" src=\"https:\/\/farm1.staticflickr.com\/445\/19822677542_b3c648c9de_n.jpg\" alt=\"IMG_20150716_092046\" height=\"240\" width=\"320\" \/><\/p>\n<p><img loading=\"lazy\" decoding=\"async\" style=\"float: right;\" src=\"https:\/\/farm4.staticflickr.com\/3705\/19822687862_5570b3bcc8_n.jpg\" alt=\"IMG_20150716_092024\" height=\"240\" width=\"320\" \/><\/p>\n<p style=\"text-align: justify;\">&#8220;Devono venire i forestieri ad insegnare a noi turesi come ci si prende cura del proprio paese!&#8221;. Son queste le parole di un concittadino che stamattina ha elogiato il lavoro di alcuni soci Auser impegnati, dalle prime ore della giornata, a risistemare piazza Venusio e l&#8217;area della pista.<br \/>Dopo due anni dalla precedente ripitturazione, rosso, azzurro, giallo e verde sono tornati a splendere, grazie al lavoro e alla volont\u00e0 dei soci Auser che, nonostante il caldo e la stanchezza, hanno preferito, nella mattina della festa della Madonna del Carmine, gioved\u00ec 16 luglio, impugnare secchielli e pennelli e ripitturare il perimetro della pista. <br \/>Una piazza, della Venusio, molto frequentata da bambini e famiglie, molto amata non solo dai residenti, ma anche dai turesi che vivono pi\u00f9 distanti, con un&#8217;area giochi e degli spazi utili per lo svago e il passatempo turese, ma lasciata in uno stato di abbandono che delude e fa arrabbiare i residenti.<br \/>Sporca e mal curata, \u00e8 stata presa in mano dai soci dell&#8217;Auser che, in vista di una loro manifestazione, il prossimo 25 luglio, anniversario della stessa Associazione, hanno voluto riportare a splendere.<br \/>&#8220;Lo stiamo facendo di nostra iniziativa e ringrazio la ditta Spinelli che ci ha offerto le vernici&#8221; \u2013 ripete il presidente Antonio Conte, sottolineando come nessuno dei presenti sia turese ma ama e vuole che il paese in cui vivono sia custodito dai suoi residenti.<br \/>Cos\u00ec, avanza il turese che si \u00e8 fermato a complimentarsi con l&#8217;Auser, ha avanzato la proposta di un impegno, da parte dei residenti, a prendersi cura della propria citt\u00e0. &#8220;Se ognuno si impegnasse a collaborare e tenere pulito il proprio quartiere, Turi sarebbe pi\u00f9 bello&#8221;. Ci auguriamo che il suo auspicio trovi presto realt\u00e0 e che Turi, con i suoi colori e le sue bellezze, sia un paese nel quale vivere con serenit\u00e0 e piacere.<\/p>\n","protected":false},"excerpt":{"rendered":"<p><img loading=\"lazy\" decoding=\"async\" src=\"https:\/\/farm1.staticflickr.com\/445\/19822677542_b3c648c9de_n.jpg\" alt=\"IMG_20150716_092046\" height=\"240\" width=\"320\" \/><\/p>\n","protected":false},"author":1,"featured_media":0,"comment_status":"open","ping_status":"closed","sticky":false,"template":"","format":"standard","meta":{"colormag_page_container_layout":"default_layout","colormag_page_sidebar_layout":"default_layout","footnotes":""},"categories":[7],"tags":[],"class_list":["post-13247","post","type-post","status-publish","format-standard","hentry","category-attualita"],"_links":{"self":[{"href":"https:\/\/archivioturi.lavocedelpaese.info\/index.php\/wp-json\/wp\/v2\/posts\/13247","targetHints":{"allow":["GET"]}}],"collection":[{"href":"https:\/\/archivioturi.lavocedelpaese.info\/index.php\/wp-json\/wp\/v2\/posts"}],"about":[{"href":"https:\/\/archivioturi.lavocedelpaese.info\/index.php\/wp-json\/wp\/v2\/types\/post"}],"author":[{"embeddable":true,"href":"https:\/\/archivioturi.lavocedelpaese.info\/index.php\/wp-json\/wp\/v2\/users\/1"}],"replies":[{"embeddable":true,"href":"https:\/\/archivioturi.lavocedelpaese.info\/index.php\/wp-json\/wp\/v2\/comments?post=13247"}],"version-history":[{"count":0,"href":"https:\/\/archivioturi.lavocedelpaese.info\/index.php\/wp-json\/wp\/v2\/posts\/13247\/revisions"}],"wp:attachment":[{"href":"https:\/\/archivioturi.lavocedelpaese.info\/index.php\/wp-json\/wp\/v2\/media?parent=13247"}],"wp:term":[{"taxonomy":"category","embeddable":true,"href":"https:\/\/archivioturi.lavocedelpaese.info\/index.php\/wp-json\/wp\/v2\/categories?post=13247"},{"taxonomy":"post_tag","embeddable":true,"href":"https:\/\/archivioturi.lavocedelpaese.info\/index.php\/wp-json\/wp\/v2\/tags?post=13247"}],"curies":[{"name":"wp","href":"https:\/\/api.w.org\/{rel}","templated":true}]}}