{"id":13234,"date":"2015-07-13T15:02:58","date_gmt":"2015-07-13T15:02:58","guid":{"rendered":"https:\/\/archivioturi.lavocedelpaese.info\/index.php\/2015\/07\/13\/larte-di-leandro-in-villa-con-il-ponte-del-don\/"},"modified":"2015-07-13T15:02:58","modified_gmt":"2015-07-13T15:02:58","slug":"larte-di-leandro-in-villa-con-il-ponte-del-don","status":"publish","type":"post","link":"https:\/\/archivioturi.lavocedelpaese.info\/index.php\/2015\/07\/13\/larte-di-leandro-in-villa-con-il-ponte-del-don\/","title":{"rendered":"L&#8217;arte di Leandro, in villa con il Ponte del Don"},"content":{"rendered":"<p><img loading=\"lazy\" decoding=\"async\" src=\"https:\/\/farm4.staticflickr.com\/3806\/19016181043_1a7ea284c6_n.jpg\" alt=\"DSC01492\" height=\"240\" width=\"320\" \/><\/p>\n<p style=\"text-align: justify;\">Metti assieme un caldo pomeriggio d&#8217;estate, bambini che hanno voglia di giocare ma non sanno cosa fare, genitori che non vogliono lasciare i loro figli chiusi in casa davanti a videogiochi o internet, tanta creativit\u00e0 e una casetta della felicit\u00e0. Viene fuori il pomeriggio organizzato mercoled\u00ec 8 luglio, presso la Villa Comunale, dal Ponte del Don. <br \/>A regalare la propria passione e condividerla con i bambini che hanno voluto parteciparvi, Leando Mazzone, il noto ragazzo turese che ha fatto della sua fantasia un modo per divertirsi e divertire gli altri.<br \/>Incuriositi i bambini che nel tardo pomeriggio di mercoled\u00ec si sono affacciati allo spazio allestito dal Ponte del Don dove, tra colla e pezzi di legno sagomati per l&#8217;occasione, \u00e8 stata messa in moto la voglia di creare. Un portapenne, l&#8217;oggetto finale, abbellito con tante casette incollate dai piccoli. <br \/>Necessario l&#8217;ausilio degli associati che, seguendo le istruzioni di Leandro, hanno aiutato i piccoli a mettere insieme i vari pezzi.<br \/>\u00c8 cos\u00ec che con piccoli gesti, con una semplice idea, \u00e8 stato posto l&#8217;accento sull&#8217;arte e sulla creativit\u00e0, elementi che svolgono un ruolo fondamentale nell\u2019ambito dell\u2019evoluzione infantile, poich\u00e8 contribuiscono a migliorarne le capacit\u00e0 espressive, a favorire l\u2019apprendimento logico \u2013 matematico e linguistico, a rafforzare la consapevolezza di s\u00e9, a liberare le potenzialit\u00e0 creative insite in esso.<br \/>In poche ora di &#8220;lavoro&#8221;, con semplici e comuni materiali e con l&#8217;amore per la creazione di Leandro, i piccoli compositori hanno messo assieme dei manufatti personali, che poi hanno portato a casa per decorare e personalizzare.<\/p>\n<p><object height=\"480\" width=\"640\"><param name=\"flashvars\" value=\"offsite=true&amp;lang=it-it&amp;page_show_url=%2Fphotos%2F91470992%40N02%2Fsets%2F72157655724342716%2Fshow%2F&amp;page_show_back_url=%2Fphotos%2F91470992%40N02%2Fsets%2F72157655724342716%2F&amp;set_id=72157655724342716&amp;jump_to=\" \/><param name=\"movie\" value=\"https:\/\/www.flickr.com\/apps\/slideshow\/show.swf?v=1811922554\" \/><param name=\"allowFullScreen\" value=\"true\" \/><embed type=\"application\/x-shockwave-flash\" src=\"https:\/\/www.flickr.com\/apps\/slideshow\/show.swf?v=1811922554\" allowfullscreen=\"true\" flashvars=\"offsite=true&amp;lang=it-it&amp;page_show_url=%2Fphotos%2F91470992%40N02%2Fsets%2F72157655724342716%2Fshow%2F&amp;page_show_back_url=%2Fphotos%2F91470992%40N02%2Fsets%2F72157655724342716%2F&amp;set_id=72157655724342716&amp;jump_to=\" height=\"480\" width=\"640\" \/><\/object><\/p>\n","protected":false},"excerpt":{"rendered":"<p><img loading=\"lazy\" decoding=\"async\" src=\"https:\/\/farm4.staticflickr.com\/3806\/19016181043_1a7ea284c6_n.jpg\" alt=\"DSC01492\" height=\"240\" width=\"320\" \/><\/p>\n","protected":false},"author":1,"featured_media":0,"comment_status":"open","ping_status":"closed","sticky":false,"template":"","format":"standard","meta":{"colormag_page_container_layout":"default_layout","colormag_page_sidebar_layout":"default_layout","footnotes":""},"categories":[6],"tags":[],"class_list":["post-13234","post","type-post","status-publish","format-standard","hentry","category-cultura"],"_links":{"self":[{"href":"https:\/\/archivioturi.lavocedelpaese.info\/index.php\/wp-json\/wp\/v2\/posts\/13234","targetHints":{"allow":["GET"]}}],"collection":[{"href":"https:\/\/archivioturi.lavocedelpaese.info\/index.php\/wp-json\/wp\/v2\/posts"}],"about":[{"href":"https:\/\/archivioturi.lavocedelpaese.info\/index.php\/wp-json\/wp\/v2\/types\/post"}],"author":[{"embeddable":true,"href":"https:\/\/archivioturi.lavocedelpaese.info\/index.php\/wp-json\/wp\/v2\/users\/1"}],"replies":[{"embeddable":true,"href":"https:\/\/archivioturi.lavocedelpaese.info\/index.php\/wp-json\/wp\/v2\/comments?post=13234"}],"version-history":[{"count":0,"href":"https:\/\/archivioturi.lavocedelpaese.info\/index.php\/wp-json\/wp\/v2\/posts\/13234\/revisions"}],"wp:attachment":[{"href":"https:\/\/archivioturi.lavocedelpaese.info\/index.php\/wp-json\/wp\/v2\/media?parent=13234"}],"wp:term":[{"taxonomy":"category","embeddable":true,"href":"https:\/\/archivioturi.lavocedelpaese.info\/index.php\/wp-json\/wp\/v2\/categories?post=13234"},{"taxonomy":"post_tag","embeddable":true,"href":"https:\/\/archivioturi.lavocedelpaese.info\/index.php\/wp-json\/wp\/v2\/tags?post=13234"}],"curies":[{"name":"wp","href":"https:\/\/api.w.org\/{rel}","templated":true}]}}