{"id":13218,"date":"2015-07-08T14:50:36","date_gmt":"2015-07-08T14:50:36","guid":{"rendered":"https:\/\/archivioturi.lavocedelpaese.info\/index.php\/2015\/07\/08\/lorenzo-gassi-a-effetto-arte\/"},"modified":"2015-07-08T14:50:36","modified_gmt":"2015-07-08T14:50:36","slug":"lorenzo-gassi-a-effetto-arte","status":"publish","type":"post","link":"https:\/\/archivioturi.lavocedelpaese.info\/index.php\/2015\/07\/08\/lorenzo-gassi-a-effetto-arte\/","title":{"rendered":"Lorenzo Gassi a Effetto Arte"},"content":{"rendered":"<p><img loading=\"lazy\" decoding=\"async\" src=\"https:\/\/c2.staticflickr.com\/4\/3874\/19249831338_75526b7cbc_n.jpg\" alt=\"gassi\" height=\"224\" width=\"320\" \/><\/p>\n<p style=\"text-align: justify;\">Sar\u00e0 il Prof. Vittorio Sgarbi a stabilire l&#8217;assegnazione dei primi tre importanti classificati al 1\u00b0 Premio Internazionale della Cultura, Effetto Arte.<br \/>Tra i prescelti a far parte della rosa di vinitori, il nostro concittadino Lorenzo Gassi che ha presentato alcuni suoi lavori. A dare concretezza alla sua possibilit\u00e0 di vincita, un messaggio ricevuto in questi giorni direttamente da Giacomo Cangialosi, Consulente Editoriale di Effetto Arte.<br \/>La rivista, diretta da Paolo Levi, prevede prestigiosi riconoscimenti che verranno assegnati l\u20198 Novembre in occasione della cerimonia di premiazione che si terr\u00e0 al Teatro Politeama di Palermo.<br \/>Le opere dei partecipanti, come quella di Lorenzo Gassi, saranno esposte dal 15 al 18 ottobre a Palermo presso Villa Castelnuovo in un prestigioso allestimento. L&#8217;immagine della stessa sar\u00e0 pubblicata nel catalogo della manifestazione.<br \/>La premiazione, che avverr\u00e0 su giudizio di Vittorio Sgarbi, permetter\u00e0 di segnalare coloro che il critico riterr\u00e0 degni di nota: gli artisti selezionati, saranno premiati con una mostra organizzata presso la Sala Rossa del Teatro Politeama di Palermo in occasione della manifestazione \u201cPanorama d\u2019Italia\u201d. Riceveranno un attestato di selezione, con motivazione di ammissione, a firma Vittorio Sgarbi.<\/p>\n","protected":false},"excerpt":{"rendered":"<p><img loading=\"lazy\" decoding=\"async\" src=\"https:\/\/c2.staticflickr.com\/4\/3874\/19249831338_75526b7cbc_n.jpg\" alt=\"gassi\" height=\"224\" width=\"320\" \/><\/p>\n","protected":false},"author":1,"featured_media":0,"comment_status":"open","ping_status":"closed","sticky":false,"template":"","format":"standard","meta":{"colormag_page_container_layout":"default_layout","colormag_page_sidebar_layout":"default_layout","footnotes":""},"categories":[7],"tags":[],"class_list":["post-13218","post","type-post","status-publish","format-standard","hentry","category-attualita"],"_links":{"self":[{"href":"https:\/\/archivioturi.lavocedelpaese.info\/index.php\/wp-json\/wp\/v2\/posts\/13218","targetHints":{"allow":["GET"]}}],"collection":[{"href":"https:\/\/archivioturi.lavocedelpaese.info\/index.php\/wp-json\/wp\/v2\/posts"}],"about":[{"href":"https:\/\/archivioturi.lavocedelpaese.info\/index.php\/wp-json\/wp\/v2\/types\/post"}],"author":[{"embeddable":true,"href":"https:\/\/archivioturi.lavocedelpaese.info\/index.php\/wp-json\/wp\/v2\/users\/1"}],"replies":[{"embeddable":true,"href":"https:\/\/archivioturi.lavocedelpaese.info\/index.php\/wp-json\/wp\/v2\/comments?post=13218"}],"version-history":[{"count":0,"href":"https:\/\/archivioturi.lavocedelpaese.info\/index.php\/wp-json\/wp\/v2\/posts\/13218\/revisions"}],"wp:attachment":[{"href":"https:\/\/archivioturi.lavocedelpaese.info\/index.php\/wp-json\/wp\/v2\/media?parent=13218"}],"wp:term":[{"taxonomy":"category","embeddable":true,"href":"https:\/\/archivioturi.lavocedelpaese.info\/index.php\/wp-json\/wp\/v2\/categories?post=13218"},{"taxonomy":"post_tag","embeddable":true,"href":"https:\/\/archivioturi.lavocedelpaese.info\/index.php\/wp-json\/wp\/v2\/tags?post=13218"}],"curies":[{"name":"wp","href":"https:\/\/api.w.org\/{rel}","templated":true}]}}