{"id":13215,"date":"2015-07-06T17:22:30","date_gmt":"2015-07-06T17:22:30","guid":{"rendered":"https:\/\/archivioturi.lavocedelpaese.info\/index.php\/2015\/07\/06\/con-la-ctb-i-saggi-finali\/"},"modified":"2015-07-06T17:22:30","modified_gmt":"2015-07-06T17:22:30","slug":"con-la-ctb-i-saggi-finali","status":"publish","type":"post","link":"https:\/\/archivioturi.lavocedelpaese.info\/index.php\/2015\/07\/06\/con-la-ctb-i-saggi-finali\/","title":{"rendered":"Con la CTB, i Saggi Finali"},"content":{"rendered":"<p><img loading=\"lazy\" decoding=\"async\" src=\"https:\/\/c1.staticflickr.com\/1\/355\/19249293358_3a6fb4cbdb_n.jpg\" alt=\"DSC01098\" height=\"180\" width=\"320\" \/><\/p>\n<p style=\"text-align: justify;\">Ha raggiunto il quarto anno e sta dimostrando di essere maturo. Cresce in funzione della dimostrazione della sua qualit\u00e0, della sua professionalit\u00e0 e dei suoi risultati. E cos\u00ec, nella serata di venerd\u00ec 26 giugno, presso il Chiostro dei Francescani, un numeroso pubblico ha applaudito il Saggio finale dei corsi di musica dell&#8217;Associazione Conturband. In collaborazione con l&#8217;Amministrazione comunale e con il Laboratorio Urbano Bandeapart, le classi di musica hanno offerto uno spettacolo per tutti i gusti, abbracciano circa trentacinque esibizioni, raccontando cos\u00ec un anno di lavoro e di studio dei suoi allievi.<br \/>Ad iniziare dai pi\u00f9 piccoli, di soli 6 anni, ai pi\u00f9 grandi, ogni interpretazione ha avuto un grande successo, premiando cos\u00ec l&#8217;impegno e la costanza che i ragazzi hanno posto durante il percorso di studio artistico.<br \/>&#8220;Quello che vedrete stasera, \u00e8 il frutto della professionalit\u00e0 dei nostri insegnanti: tutti con un curriculum artistico di grande prestigio&#8221; \u2013 ha sottolineato Nuccio Gargano, direttore artistico della Conturband. Margherita Dipierro ha accompagnato e segito gli allievi per il pianoforte e l&#8217;avviamento alla musica; Michele Maiellari e Antonio Brunetti per la chitarra classica ed elettrica; Giuseppe Creatore per il sassofono e il clarinetto; Giuseppe Di Lauro per il violino; Davide Scarafile per la tromba; Vitantonio Gasparro per le percussioni e Monia Massetti per il Canto leggero e lirico.<br \/>Il risultato finale, \u00e8 stato un tripudio di applausi, con il ringraziamento finale ai genitori e alle famiglie che rendono possibile e credono in questo lavoro.<\/p>\n<p>Alcune foto della serata <object height=\"480\" width=\"640\"><param name=\"flashvars\" value=\"offsite=true&amp;lang=it-it&amp;page_show_url=%2Fphotos%2F91470992%40N02%2Fsets%2F72157655417379266%2Fshow%2F&amp;page_show_back_url=%2Fphotos%2F91470992%40N02%2Fsets%2F72157655417379266%2F&amp;set_id=72157655417379266&amp;jump_to=\" \/><param name=\"movie\" value=\"https:\/\/www.flickr.com\/apps\/slideshow\/show.swf?v=1811922554\" \/><param name=\"allowFullScreen\" value=\"true\" \/><embed type=\"application\/x-shockwave-flash\" src=\"https:\/\/www.flickr.com\/apps\/slideshow\/show.swf?v=1811922554\" allowfullscreen=\"true\" flashvars=\"offsite=true&amp;lang=it-it&amp;page_show_url=%2Fphotos%2F91470992%40N02%2Fsets%2F72157655417379266%2Fshow%2F&amp;page_show_back_url=%2Fphotos%2F91470992%40N02%2Fsets%2F72157655417379266%2F&amp;set_id=72157655417379266&amp;jump_to=\" height=\"480\" width=\"640\" \/><\/object><\/p>\n","protected":false},"excerpt":{"rendered":"<p><img loading=\"lazy\" decoding=\"async\" src=\"https:\/\/c1.staticflickr.com\/1\/355\/19249293358_3a6fb4cbdb_n.jpg\" alt=\"DSC01098\" height=\"180\" width=\"320\" \/><\/p>\n","protected":false},"author":1,"featured_media":0,"comment_status":"open","ping_status":"closed","sticky":false,"template":"","format":"standard","meta":{"colormag_page_container_layout":"default_layout","colormag_page_sidebar_layout":"default_layout","footnotes":""},"categories":[6],"tags":[],"class_list":["post-13215","post","type-post","status-publish","format-standard","hentry","category-cultura"],"_links":{"self":[{"href":"https:\/\/archivioturi.lavocedelpaese.info\/index.php\/wp-json\/wp\/v2\/posts\/13215","targetHints":{"allow":["GET"]}}],"collection":[{"href":"https:\/\/archivioturi.lavocedelpaese.info\/index.php\/wp-json\/wp\/v2\/posts"}],"about":[{"href":"https:\/\/archivioturi.lavocedelpaese.info\/index.php\/wp-json\/wp\/v2\/types\/post"}],"author":[{"embeddable":true,"href":"https:\/\/archivioturi.lavocedelpaese.info\/index.php\/wp-json\/wp\/v2\/users\/1"}],"replies":[{"embeddable":true,"href":"https:\/\/archivioturi.lavocedelpaese.info\/index.php\/wp-json\/wp\/v2\/comments?post=13215"}],"version-history":[{"count":0,"href":"https:\/\/archivioturi.lavocedelpaese.info\/index.php\/wp-json\/wp\/v2\/posts\/13215\/revisions"}],"wp:attachment":[{"href":"https:\/\/archivioturi.lavocedelpaese.info\/index.php\/wp-json\/wp\/v2\/media?parent=13215"}],"wp:term":[{"taxonomy":"category","embeddable":true,"href":"https:\/\/archivioturi.lavocedelpaese.info\/index.php\/wp-json\/wp\/v2\/categories?post=13215"},{"taxonomy":"post_tag","embeddable":true,"href":"https:\/\/archivioturi.lavocedelpaese.info\/index.php\/wp-json\/wp\/v2\/tags?post=13215"}],"curies":[{"name":"wp","href":"https:\/\/api.w.org\/{rel}","templated":true}]}}