{"id":13213,"date":"2015-07-06T16:09:00","date_gmt":"2015-07-06T16:09:00","guid":{"rendered":"https:\/\/archivioturi.lavocedelpaese.info\/index.php\/2015\/07\/06\/piccole-conquiste\/"},"modified":"2015-07-06T16:09:00","modified_gmt":"2015-07-06T16:09:00","slug":"piccole-conquiste","status":"publish","type":"post","link":"https:\/\/archivioturi.lavocedelpaese.info\/index.php\/2015\/07\/06\/piccole-conquiste\/","title":{"rendered":"Piccole conquiste&#8230;"},"content":{"rendered":"<p><img loading=\"lazy\" decoding=\"async\" src=\"https:\/\/c1.staticflickr.com\/1\/314\/19435942125_c44434aed3_n.jpg\" alt=\"DSC01091\" height=\"180\" width=\"320\" \/>v<\/p>\n<p style=\"text-align: justify;\">Accompagnarli nella loro crescita, non significa semplicemente badare ai bisogni di prima necessit\u00e0. Crescere significa formarli e dare loro le basi per comporre, con piccoli mattoncini, la loro personalit\u00e0, il loro carattere, le motivazioni, la socialit\u00e0, il rapporto con il coetaneo e con l&#8217;adulto.<br \/>E su questo percorso hanno camminato i bambini che quest&#8217;anno hanno chiuso il ciclo di formazione presso il Bosco dei Cento Acri. Qui, nel pomeriggio di gioved\u00ec 25 giugno, genitori e nonni hanno assistito, con la coordinatrice didattica, la dottoressa Tina Resta, alle emozioni e ai momenti pi\u00f9 signiicativi della vita nel nido turese. <br \/>Guidati dalla responsabile Teresa De Tommaso, dalle educatrici Arianna Rizzi e Marianna Valentino e dalla preziosa collaborazione di Francesca Di Bari, Samantha Paladini e Rossella Bolognini, i bambini dell&#8217;anno scolastico 2014\/2015, sono stati impegnati nelle diverse attivit\u00e0 educativo-pedagogiche chhe nel corso delle settimane sono state realizzate.<br \/>&#8220;Sono state tutte attivit\u00e0 programmate con le educatrici \u2013 ha specificato la coordinatrice Tina Resta \u2013 che hanno interessato diverse aree di sviluppo&#8221;. Cos\u00ec, in un breve video, le attivit\u00e0 svolte dai piccoli, un lungo percorso didattico \u2013 formativo che ha permesso ad ogni piccolo e, nel suo tempo, di imparare divertendosi e giocando. <br \/>Occhi lucidi e qualche lacrima hanno seguito la visione delle foto e dei video di alcuni momenti della vita nel Bosco dove ogni piccino ha acquisito le competenze e le abilit\u00e0 che gli saranno utili per accedere pi\u00f9 serenamente alla scuola dell\u2019infanzia. &#8220;Autostima, coordinazione oculo \u2013 manuale, sviluppo neurologico e linguistico, motricit\u00e0, sono tutte tappe fondamentali di un complesso percorso di analisi, osservazione e programmazione realizzate per ogni bambino attraverso un monitoraggio continuo di ognuno da parte mia e delle educatrici&#8221; \u2013 ha cos\u00ec proseguito la coordinatrice. Cos\u00ec le attivit\u00e0 realizzate nella struttura, indirizzate ognuna allo sviluppo di una determinata abilit\u00e0, aiutano ogni bambino a superare quella che \u00e8 una fase cruciale della loro crescita, quella che li prepara alla vita sociale, quella che li indirizza verso l\u2019autonomia.<br \/>Ogni bambino inizia a prendere coscienza della sua individualit\u00e0, si stacca dai genitori e si \u201cpone\u201d alla ricerca della propria personalit\u00e0. Cos\u00ec, il lavoro attento e paziente delle educatrici, li indirizza alla conoscenza di se stessi, alla comprensione delle proprie abilit\u00e0, dei propri piaceri, delle soddisfazioni. Accade cos\u00ec, che al momento della consegna dei \u201cDiplomi\u201d di superamento del periodo prescolare, i sorrisi e gli occhi di ogni bambino si illuminino di gioia, per la conquista di un meritato premio. Soddisfatti, raccontano con le espressioni, la felicit\u00e0 del momento, da condividere con mamma e pap\u00e0, da portare a casa come un tesoro prezioso.<br \/>E la piacevole sorpresa, che ha coinvolto i genitori, come le educatrici e tutti i presenti, si \u00e8 riversata nella gioia dei pi\u00f9 piccoli, che, questa volta &#8220;padroni di casa&#8221;, hanno guidato i loro genitori nello spazio dei giochi, invitandoli, cos\u00ec, a condividere quello che gli \u00e8 pi\u00f9 caro e quello che pi\u00f9 gli piace. Dai loro gesti e dalle loro parole traspare una serenit\u00e0 e felicit\u00e0 che anche gli adulti dovrebbero riscoprire, una contentezza data dalla scoperta delle pi\u00f9 piccole cose. \u00c8 cos\u00ec che ogni premio, ogni abbraccio, ogni sorriso \u00e8 un regalo ed ogni bambino si scopre maestro di quell\u2019autenticit\u00e0 e semplicit\u00e0 che ad ogni adulto servirebbe rivivere.<\/p>\n<p><object height=\"480\" width=\"640\"><param name=\"flashvars\" value=\"offsite=true&amp;lang=it-it&amp;page_show_url=%2Fphotos%2F91470992%40N02%2Fsets%2F72157655481554861%2Fshow%2F&amp;page_show_back_url=%2Fphotos%2F91470992%40N02%2Fsets%2F72157655481554861%2F&amp;set_id=72157655481554861&amp;jump_to=\" \/><param name=\"movie\" value=\"https:\/\/www.flickr.com\/apps\/slideshow\/show.swf?v=1811922554\" \/><param name=\"allowFullScreen\" value=\"true\" \/><embed type=\"application\/x-shockwave-flash\" src=\"https:\/\/www.flickr.com\/apps\/slideshow\/show.swf?v=1811922554\" allowfullscreen=\"true\" flashvars=\"offsite=true&amp;lang=it-it&amp;page_show_url=%2Fphotos%2F91470992%40N02%2Fsets%2F72157655481554861%2Fshow%2F&amp;page_show_back_url=%2Fphotos%2F91470992%40N02%2Fsets%2F72157655481554861%2F&amp;set_id=72157655481554861&amp;jump_to=\" height=\"480\" width=\"640\" \/><\/object><\/p>\n","protected":false},"excerpt":{"rendered":"<p><img loading=\"lazy\" decoding=\"async\" src=\"https:\/\/c1.staticflickr.com\/1\/314\/19435942125_c44434aed3_n.jpg\" alt=\"DSC01091\" height=\"180\" width=\"320\" \/>v<\/p>\n","protected":false},"author":1,"featured_media":0,"comment_status":"open","ping_status":"closed","sticky":false,"template":"","format":"standard","meta":{"colormag_page_container_layout":"default_layout","colormag_page_sidebar_layout":"default_layout","footnotes":""},"categories":[7],"tags":[],"class_list":["post-13213","post","type-post","status-publish","format-standard","hentry","category-attualita"],"_links":{"self":[{"href":"https:\/\/archivioturi.lavocedelpaese.info\/index.php\/wp-json\/wp\/v2\/posts\/13213","targetHints":{"allow":["GET"]}}],"collection":[{"href":"https:\/\/archivioturi.lavocedelpaese.info\/index.php\/wp-json\/wp\/v2\/posts"}],"about":[{"href":"https:\/\/archivioturi.lavocedelpaese.info\/index.php\/wp-json\/wp\/v2\/types\/post"}],"author":[{"embeddable":true,"href":"https:\/\/archivioturi.lavocedelpaese.info\/index.php\/wp-json\/wp\/v2\/users\/1"}],"replies":[{"embeddable":true,"href":"https:\/\/archivioturi.lavocedelpaese.info\/index.php\/wp-json\/wp\/v2\/comments?post=13213"}],"version-history":[{"count":0,"href":"https:\/\/archivioturi.lavocedelpaese.info\/index.php\/wp-json\/wp\/v2\/posts\/13213\/revisions"}],"wp:attachment":[{"href":"https:\/\/archivioturi.lavocedelpaese.info\/index.php\/wp-json\/wp\/v2\/media?parent=13213"}],"wp:term":[{"taxonomy":"category","embeddable":true,"href":"https:\/\/archivioturi.lavocedelpaese.info\/index.php\/wp-json\/wp\/v2\/categories?post=13213"},{"taxonomy":"post_tag","embeddable":true,"href":"https:\/\/archivioturi.lavocedelpaese.info\/index.php\/wp-json\/wp\/v2\/tags?post=13213"}],"curies":[{"name":"wp","href":"https:\/\/api.w.org\/{rel}","templated":true}]}}