{"id":13211,"date":"2015-07-06T11:43:14","date_gmt":"2015-07-06T11:43:14","guid":{"rendered":"https:\/\/archivioturi.lavocedelpaese.info\/index.php\/2015\/07\/06\/la-protezione-civile-compie-cinque-anni\/"},"modified":"2015-07-06T11:43:14","modified_gmt":"2015-07-06T11:43:14","slug":"la-protezione-civile-compie-cinque-anni","status":"publish","type":"post","link":"https:\/\/archivioturi.lavocedelpaese.info\/index.php\/2015\/07\/06\/la-protezione-civile-compie-cinque-anni\/","title":{"rendered":"La Protezione Civile compie cinque anni"},"content":{"rendered":"<p><img loading=\"lazy\" decoding=\"async\" src=\"https:\/\/c1.staticflickr.com\/3\/2943\/15164527777_10938f1e46_n.jpg\" alt=\"Il Gruppo Comunale della Protezione Civile di Turi\" height=\"240\" width=\"320\" \/><\/p>\n<p style=\"text-align: justify;\">Hanno soffiato la loro quinta candelina, esprimendo, cos\u00ec il sodalizio che la comunit\u00e0 turese ha stretto con la realt\u00e0 della Protezione Civile di Turi. Anni in cui, da volontari, oggi il Gruppo Comunale ha intrecciato la sua presenza ad una comunit\u00e0 che dimostra di apprezzare il loro impegno, la loro dedizione, la loro professionalit\u00e0 e la loro azione volontaria. Impegnati in diverse occasioni di prevenzione, la Protezione Civile, guidata da Vito Marco Di Pinto, segna una prima tappa, un primo traguardo e a loro, l&#8217;intero paese rivolge i suoi auguri, ringraziando per il lavoro che ogni giorno compiono, sottraendo tempo alla loro famiglia o alla loro professione. Di seguito il messaggio che il coordinatore del Gruppo Comunale di Ptrotezione Civile, Vito Marco Di Pinto ha indirizzato ai volontari e alla comunit\u00e0.<br \/>&#8220;Sembra ieri e sono gi\u00e0 passati cinque anni.<br \/>Con un inizio in sordina, i primi dieci volontari, senza una sede, attrezzature, automezzi, radio e tutto quello che pu\u00f2 servire, per avere la connotazione di un Gruppo Comunale di Protezione Civile, con perseveranza abbiamo comunque deciso di proseguire nell\u2019avventura. <br \/>Fortunatamente a noi primi dieci, si sono aggiunti altri nove volontari che il Comune ha formato con il previsto corso di formazione, a cui poi sono seguiti gli ultimi sette.<br \/>Il 1\u00b0 luglio del 2010 con la Delibera della Giunta Comunale nr. 89, viene formalmente costituito il Gruppo Comunale Volontari di Protezione Civile denominato &#8220;AESCULAPIUS&#8221; ed approvato il relativo Regolamento.<br \/>Ricordo ancora la nostra prima attivit\u00e0 di servizio in occasione della visita a Turi del Presidente della Repubblica \u2013 On. Dr. Giorgio NAPOLITANO &#8211; avvenuta in data 5 novembre 2011, muniti solo di anonime pettorine, abbiamo collaborato con la Polizia Municipale nel disciplinare la viabilit\u00e0. Ricordo che l\u2019allora Comandante della Polizia Municipale &#8211; Dr. Michele Cassano -, mi dava le indicazioni che poi telefonicamente trasferivo ai volontari in servizio.<br \/>Ne abbiamo fatta di strada da allora.<br \/>Oggi, intanto siamo iscritti nell\u2019Elenco Regionale dei Gruppi Comunali e delle Associazioni di Protezione Civile, (e questo implica di conseguenza l\u2019iscrizione nell\u2019Elenco Nazionale del Dipartimento di Protezione Civile); grazie al finanziamento regionale, il Gruppo dispone di stazione radio, dieci apparati mobili, due apparati veicolari, due automezzi, di cui un Pick-Up allestito per il servizio antincendio, un gruppo elettrogeno, idrovora, torre faro, flabelli, torce baton, torce ricaricabili, un defibrillatore, motosega, pale e altro materiale ancora.<br \/>Siamo stati interessati alle diverse attivit\u00e0 di Protezione Civile, dall\u2019emergenza neve, (ivi compreso l\u2019accompagnamento dei concittadini dializzati nei centri dialisi), a quella idrogeologica, passando dall\u2019attivit\u00e0 Anti Incendi Boschivi, al rischio sociale(in occasione di fiere, sagre, festa patronale, manifestazioni sportive ecc.) alla viabilit\u00e0, ed infine anche alla ricerca persone scomparse.<br \/>Cosa dire, se non ricordare a tutti che il nostro operare, viene ispirato solo dalla pura solidariet\u00e0 che oltrepassa i pregiudizi ideologici, razziali e sociali.<\/p>\n","protected":false},"excerpt":{"rendered":"<p><img loading=\"lazy\" decoding=\"async\" src=\"https:\/\/c1.staticflickr.com\/3\/2943\/15164527777_10938f1e46_n.jpg\" alt=\"Il Gruppo Comunale della Protezione Civile di Turi\" height=\"240\" width=\"320\" \/><\/p>\n","protected":false},"author":1,"featured_media":0,"comment_status":"open","ping_status":"closed","sticky":false,"template":"","format":"standard","meta":{"colormag_page_container_layout":"default_layout","colormag_page_sidebar_layout":"default_layout","footnotes":""},"categories":[7],"tags":[],"class_list":["post-13211","post","type-post","status-publish","format-standard","hentry","category-attualita"],"_links":{"self":[{"href":"https:\/\/archivioturi.lavocedelpaese.info\/index.php\/wp-json\/wp\/v2\/posts\/13211","targetHints":{"allow":["GET"]}}],"collection":[{"href":"https:\/\/archivioturi.lavocedelpaese.info\/index.php\/wp-json\/wp\/v2\/posts"}],"about":[{"href":"https:\/\/archivioturi.lavocedelpaese.info\/index.php\/wp-json\/wp\/v2\/types\/post"}],"author":[{"embeddable":true,"href":"https:\/\/archivioturi.lavocedelpaese.info\/index.php\/wp-json\/wp\/v2\/users\/1"}],"replies":[{"embeddable":true,"href":"https:\/\/archivioturi.lavocedelpaese.info\/index.php\/wp-json\/wp\/v2\/comments?post=13211"}],"version-history":[{"count":0,"href":"https:\/\/archivioturi.lavocedelpaese.info\/index.php\/wp-json\/wp\/v2\/posts\/13211\/revisions"}],"wp:attachment":[{"href":"https:\/\/archivioturi.lavocedelpaese.info\/index.php\/wp-json\/wp\/v2\/media?parent=13211"}],"wp:term":[{"taxonomy":"category","embeddable":true,"href":"https:\/\/archivioturi.lavocedelpaese.info\/index.php\/wp-json\/wp\/v2\/categories?post=13211"},{"taxonomy":"post_tag","embeddable":true,"href":"https:\/\/archivioturi.lavocedelpaese.info\/index.php\/wp-json\/wp\/v2\/tags?post=13211"}],"curies":[{"name":"wp","href":"https:\/\/api.w.org\/{rel}","templated":true}]}}