{"id":13196,"date":"2015-07-02T08:38:04","date_gmt":"2015-07-02T08:38:04","guid":{"rendered":"https:\/\/archivioturi.lavocedelpaese.info\/index.php\/2015\/07\/02\/padiglione-d-fine-dei-lavori-entro-settembre\/"},"modified":"2015-07-02T08:38:04","modified_gmt":"2015-07-02T08:38:04","slug":"padiglione-d-fine-dei-lavori-entro-settembre","status":"publish","type":"post","link":"https:\/\/archivioturi.lavocedelpaese.info\/index.php\/2015\/07\/02\/padiglione-d-fine-dei-lavori-entro-settembre\/","title":{"rendered":"Padiglione D: fine dei lavori entro settembre"},"content":{"rendered":"<p><img loading=\"lazy\" decoding=\"async\" src=\"https:\/\/c1.staticflickr.com\/3\/2892\/13688949684_be8c2dcbfa_m.jpg\" alt=\"Turi padiglione D sc. primaria\" height=\"240\" width=\"180\" \/><\/p>\n<p style=\"text-align: justify;\">Nell\u2019ultimo consiglio comunale Tundo aveva parlato di \u201cuna continua geografia\u201d in merito al Padiglione D dell\u2019istituto comprensivo&nbsp; \u201cResta-De Donato Giannini\u201d: proprio il giorno delle elezioni regionali \u2013 racconta \u2013 andando a votare, si era reso conto che qualcosa nei lavori della facciata che volge verso via Cisternino non stava andando come avrebbe dovuto. Ha subito segnalato la cosa all\u2019ass. Camposeo, di cui poi, in seduta consigliare, ha riconosciuto la celerit\u00e0 nel ripristino del corretto andamento dei lavori. <br \/>Eppure \u2013 precisa il sindaco \u2013 la segnalazione agli uffici di competenza era stata gi\u00e0 fatta da pi\u00f9 di un mese e la ditta in questione stava gi\u00e0 provvedendo alla risistemazione della facciata.<br \/>Ora, raccontata cos\u00ec, proprio come l\u2019abbiamo sentita in consiglio, la questione non \u00e8 che sia del tutto comprensibile. Per questo abbiamo voluto raggiungere telefonicamente l\u2019Assessore responsabile ai lavori pubblici, l\u2019ing. Pietro Camposeo, il quale ci ha fornito una spiegazione tecnica sull\u2019accaduto.<br \/>Sulla facciata che volge verso via Cisternino, dopo l\u2019esecuzione dei lavori si sarebbero presentate parecchie fessure nella muratura, indubbiamente indice del fatto che qualche cosa era andato storto. \u201cProbabilmente, la malta cementizia che era stata messa \u2013 spiega Camposeo \u2013 si era ritirata troppo e questo aveva determinato la formazione di fessure e cos\u00ec via\u201d. <br \/>Questo avrebbe messo un po\u2019 in allarme Tundo, ma \u201cnegli uffici la segnalazione era gi\u00e0 arrivata ed avevano gi\u00e0 pensato a come risolvere il problema\u201d \u2013 ci conferma l\u2019Assessore &#8211; \u201cquindi la procedura \u00e8 stata quella di apporre un&#8217;altra specie di intonaco, una malta che si mette con una retina sotto che serve a proteggere e a limitare il formarsi delle fessure. Questo lavoro lo stanno portando a termine\u201d. <br \/>\u201cQuindi nel giro di poco tempo \u2013 assicura Camposeo \u2013 i lavori saranno terminati. Sicuramente molto prima dell\u2019inizio dell\u2019anno scolastico le cose saranno messe a posto\u201d.<br \/>Ricordiamo che il padiglione D, prima sede amministrativa del C. D. \u201cDe Donato Giannini\u201d, fu destinato a sede di aule didattiche per la scuola dell\u2019infanzia. Nel settembre 2013, inoltre, accogliendo \u201cl\u2019invito\u201d della Regione Puglia, il Comune di Turi candid\u00f2 il progetto al finanziamento regionale. Nel giugno dello scorso anno, grazie allo stanziamento di 510 milioni di euro per l\u2019edilizia scolastica, Turi ha ottenuto un finanziamento pari a 256mila euro.<br \/>Il vento delle buone notizie soffierebbe anche sul fronte asilo nido. Pare infatti che si sia \u201csul punto dell\u2019acquisto degli arredi\u201d \u2013 come ci spiega l\u2019ass. Camposeo e che il punto focale della questione si sarebbe ormai spostato sulla gestione della struttura. \u201cPi\u00f9 che altro, \u00e8 questo il nodo da sciogliere\u201d, anche perch\u00e9 sui lavori sarebbe gi\u00e0 stato tutto deciso e progettato, cos\u00ec come per ci\u00f2 che concerne le forniture e gli arredi. Dunque, per l\u2019Amministrazione l\u2019ago della bilancia si sposta sul problema gestionale, \u201csu quali criteri\u201d e \u201ca quali condizioni affidarla ad altri soggetti\u201d. \u201cPerch\u00e9 \u00e8 chiaro che il comune, da solo, non potr\u00e0 gestirlo\u201d \u2013 conclude Camposeo.<\/p>\n","protected":false},"excerpt":{"rendered":"<p><img loading=\"lazy\" decoding=\"async\" src=\"https:\/\/c1.staticflickr.com\/3\/2892\/13688949684_be8c2dcbfa_m.jpg\" alt=\"Turi padiglione D sc. primaria\" height=\"240\" width=\"180\" \/><\/p>\n","protected":false},"author":1,"featured_media":0,"comment_status":"open","ping_status":"closed","sticky":false,"template":"","format":"standard","meta":{"colormag_page_container_layout":"default_layout","colormag_page_sidebar_layout":"default_layout","footnotes":""},"categories":[4],"tags":[],"class_list":["post-13196","post","type-post","status-publish","format-standard","hentry","category-politica"],"_links":{"self":[{"href":"https:\/\/archivioturi.lavocedelpaese.info\/index.php\/wp-json\/wp\/v2\/posts\/13196","targetHints":{"allow":["GET"]}}],"collection":[{"href":"https:\/\/archivioturi.lavocedelpaese.info\/index.php\/wp-json\/wp\/v2\/posts"}],"about":[{"href":"https:\/\/archivioturi.lavocedelpaese.info\/index.php\/wp-json\/wp\/v2\/types\/post"}],"author":[{"embeddable":true,"href":"https:\/\/archivioturi.lavocedelpaese.info\/index.php\/wp-json\/wp\/v2\/users\/1"}],"replies":[{"embeddable":true,"href":"https:\/\/archivioturi.lavocedelpaese.info\/index.php\/wp-json\/wp\/v2\/comments?post=13196"}],"version-history":[{"count":0,"href":"https:\/\/archivioturi.lavocedelpaese.info\/index.php\/wp-json\/wp\/v2\/posts\/13196\/revisions"}],"wp:attachment":[{"href":"https:\/\/archivioturi.lavocedelpaese.info\/index.php\/wp-json\/wp\/v2\/media?parent=13196"}],"wp:term":[{"taxonomy":"category","embeddable":true,"href":"https:\/\/archivioturi.lavocedelpaese.info\/index.php\/wp-json\/wp\/v2\/categories?post=13196"},{"taxonomy":"post_tag","embeddable":true,"href":"https:\/\/archivioturi.lavocedelpaese.info\/index.php\/wp-json\/wp\/v2\/tags?post=13196"}],"curies":[{"name":"wp","href":"https:\/\/api.w.org\/{rel}","templated":true}]}}