{"id":1319,"date":"2010-01-30T23:00:00","date_gmt":"2010-01-30T23:00:00","guid":{"rendered":"https:\/\/archivioturi.lavocedelpaese.info\/index.php\/2010\/01\/30\/sguardo-alla-settimana-2530\/"},"modified":"2010-01-30T23:00:00","modified_gmt":"2010-01-30T23:00:00","slug":"sguardo-alla-settimana-2530","status":"publish","type":"post","link":"https:\/\/archivioturi.lavocedelpaese.info\/index.php\/2010\/01\/30\/sguardo-alla-settimana-2530\/","title":{"rendered":"SGUARDO ALLA SETTIMANA 25\/31 GENNAIO"},"content":{"rendered":"<p><img loading=\"lazy\" decoding=\"async\" class=\" size-full wp-image-1239\" alt=\"Postits\" src=\"https:\/\/archivioturi.lavocedelpaese.info\/wp-content\/uploads\/2010\/01\/Postits.jpg\" height=\"150\" width=\"319\" srcset=\"https:\/\/archivioturi.lavocedelpaese.info\/wp-content\/uploads\/2010\/01\/Postits.jpg 640w, https:\/\/archivioturi.lavocedelpaese.info\/wp-content\/uploads\/2010\/01\/Postits-300x141.jpg 300w\" sizes=\"auto, (max-width: 319px) 100vw, 319px\" \/> <\/p>\n<p style=\"text-align: justify;\"><strong><span style=\"font-family: verdana,geneva;\"><span style=\"font-size: 10pt;\">Luned\u00ec 25:<\/span><\/span><\/strong><\/p>\n<p style=\"text-align: justify;\"><strong><a target=\"_self\" href=\"index.php?option=com_content&amp;view=article&amp;id=910;occhiosalato-magista-e-la-sviolinata-a-gigantelli&amp;catid=19;la-voce-del-paese&amp;Itemid=19\" rel=\"noopener\"><span style=\"font-family: verdana,geneva;\"><span style=\"font-size: 10pt;\">OCCHIOSALATO: MAGIST\u00c0 E LA SVIOLINATA A GIGANTELLI<\/span><\/span><\/a><\/strong><span style=\"font-family: verdana,geneva;\"><span style=\"font-size: 10pt;\"><strong> <\/strong>Occhiosalato prende di mira Vincenzo Magist\u00e0 che nell\u2019editoriale dello scorso sabato del settimanale Fax-Turi, raccoglie una serie di elogi al sindaco di Turi V. Gigantelli.<\/span><\/span><\/p>\n<p style=\"text-align: justify;\"><strong><a href=\"index.php?option=com_content&amp;view=article&amp;id=911;primarie-ciclone-vendola-vince-con-l86&amp;catid=14;politica&amp;Itemid=11\"><span style=\"font-family: verdana,geneva;\"><span style=\"font-size: 10pt;\">PRIMARIE, CICLONE VENDOLA VINCE CON L&#8217;86%<\/span><\/span><\/a><\/strong><span style=\"font-family: verdana,geneva;\"><span style=\"font-size: 10pt;\"> Nichi Vendola vince nettamente anche a Turi, con 351 preferenze, contro i 57 voti di Francesco Boccia.<\/span><\/span><\/p>\n<p style=\"text-align: justify;\"><strong><a href=\"index.php?option=com_content&amp;view=article&amp;id=912;terza-sconfitta-stagionale-per-lacqua-amata-turi&amp;catid=15&amp;Itemid=15\"><span style=\"font-family: verdana,geneva;\"><span style=\"font-size: 10pt;\">ACQUA AMATA TURI SCONFITTA DI MISURA<\/span><\/span><\/a><\/strong><span style=\"font-family: verdana,geneva;\"><span style=\"font-size: 10pt;\"> Brutta battuta d\u2019arresto per l\u2019Acqua Amata Turi, che a San Severo perde per 3-2.<\/span><\/span><\/p>\n<p style=\"text-align: justify;\"><strong><a href=\"index.php?option=com_content&amp;view=article&amp;id=913;harakiri-calcio-point-turi&amp;catid=15&amp;Itemid=15\"><span style=\"font-family: verdana,geneva;\"><span style=\"font-size: 10pt;\">ASD CALCIO POINT TURI, HARAKIRI<\/span><\/span><\/a><\/strong><span style=\"font-family: verdana,geneva;\"><span style=\"font-size: 10pt;\"> Pareggio della Calcio Point Turi in a trasferta di Ruvo.<\/span><\/span><\/p>\n<p style=\"text-align: justify;\"><strong><a href=\"index.php?option=com_content&amp;view=article&amp;id=914;villa-menelao-turi-vince-ma-che-fatica&amp;catid=15&amp;Itemid=15\"><span style=\"font-family: verdana,geneva;\"><span style=\"font-size: 10pt;\">VILLA MENELAO TURI VINCE, MA CHE FATICA!<\/span><\/span><\/a><\/strong><span style=\"font-family: verdana,geneva;\"><span style=\"font-size: 10pt;\"> Vittoria sofferta per la Villa Menelao Turi contro la Medical Center Potenza (3-2).<\/span><\/span><\/p>\n<p style=\"text-align: justify;\"><strong><a href=\"index.php?option=com_content&amp;view=article&amp;id=915;chi-e-di-scena-balla-a-ritmi-caraibici&amp;catid=17;attualita&amp;Itemid=14\"><span style=\"font-family: verdana,geneva;\"><span style=\"font-size: 10pt;\">&#8216;CHI E\u2019 DI SCENA!?&#8217; BALLA A RITMI CARAIBICI<\/span><\/span><\/a><\/strong><span style=\"font-family: verdana,geneva;\"><span style=\"font-size: 10pt;\"> Sabato 23 gennaio l\u2019associazione culturale musicale \u201cChi \u00e8 di scena!?\u201d ha organizzato una lezione no stop di Latino americano.<\/span><\/span><\/p>\n<p>\u00a0<\/p>\n<p style=\"text-align: justify;\"><strong><span style=\"font-family: verdana,geneva;\"><span style=\"font-size: 10pt;\">Marted\u00ec 26:<\/span><\/span><\/strong><\/p>\n<p style=\"text-align: justify;\"><span style=\"font-family: verdana,geneva;\"><span style=\"font-size: 10pt;\"><a href=\"index.php?option=com_content&amp;view=article&amp;id=917;bonifico-lama-giotta-pronti-900mila-&amp;catid=17;attualita&amp;Itemid=14\"><strong>BONIFICO LAMA GIOTTA, PRONTI 900MILA \u20ac<\/strong><\/a> <span style=\"FONT-SIZE: 10pt\"><span style=\"FONT-FAMILY: verdana, geneva\">Nel Consiglio comunale di mercoled\u00ec scorso il Sindaco ha comunicato all&#8217;intera assise e ai presenti che il Comune di Turi \u00e8 stato ammesso al finanziamento di 900mila \u20ac per la bonifica della Lama Giotta, il cui avvallamento maggiore che interessa il nostro Comune \u00e8 situato nella la zona di via Conversano nei pressi del Campo Sportivo Comunale.<\/span><\/span><\/span><\/span><\/p>\n<p style=\"text-align: justify;\"><span style=\"font-family: verdana,geneva;\"><span style=\"font-size: 10pt;\"><span style=\"FONT-SIZE: 10pt\"><span style=\"FONT-FAMILY: verdana, geneva\"><a href=\"index.php?option=com_content&amp;view=article&amp;id=918;struttura-sanitaria-opposizione-non-creiamo-un-ghetto&amp;catid=14;politica&amp;Itemid=11\"><strong>STRUTTURA SOCIO SANITARIA. NON CREIAMO UN GHETTO<\/strong><\/a> <span style=\"FONT-SIZE: 10pt\"><span style=\"FONT-FAMILY: verdana, geneva\">Uno degli argomenti pi\u00f9 dibattuti dello scorso Consiglio comunale \u00e8 stato sicuramente il progetto che l&#8217;Amministrazione Gigantelli ha previsto per ovviare alla scelta dell&#8217;alienazione dell&#8217;immobile dell&#8217;ex Cinema Zaccheo.<\/span><\/span><span style=\"FONT-SIZE: 10pt\"><span style=\"FONT-FAMILY: verdana, geneva\"><strong> <\/strong><\/span><\/span><\/span><\/span><\/span><\/span><\/p>\n<p style=\"text-align: justify;\"><span style=\"font-family: verdana,geneva;\"><span style=\"font-size: 10pt;\"><span style=\"FONT-SIZE: 10pt\"><span style=\"FONT-FAMILY: verdana, geneva\"><span style=\"FONT-SIZE: 10pt\"><span style=\"FONT-FAMILY: verdana, geneva\"><a href=\"index.php?option=com_content&amp;view=article&amp;id=920;asp-turi-il-punto-sulle-giovanili&amp;catid=15&amp;Itemid=15\"><strong>ASP TURI, IL PUNTO SULLE GIOVANILI<\/strong><\/a> L&#8217;<span style=\"FONT-FAMILY: verdana, geneva\">Under 16 maschile chiude il campionato con un terzo posto mentre l&#8217;<span style=\"FONT-FAMILY: verdana, geneva\">Under 14 maschile esordisce con\u00a0due vittorie. <\/span><\/span><\/span><\/span><\/span><\/span><\/span><\/span><\/p>\n<p style=\"text-align: justify;\"><span style=\"font-family: verdana,geneva;\"><span style=\"font-size: 10pt;\"><span style=\"FONT-SIZE: 10pt\"><span style=\"FONT-FAMILY: verdana, geneva\"><span style=\"FONT-SIZE: 10pt\"><span style=\"FONT-FAMILY: verdana, geneva\"><span style=\"FONT-FAMILY: verdana, geneva\"><span style=\"FONT-FAMILY: verdana, geneva\"><a href=\"index.php?option=com_content&amp;view=article&amp;id=919;palazzetto-seconda-ordinanza-per-utilizzarlo&amp;catid=15&amp;Itemid=15\"><strong>PALAZZETTO, SECONDA ORDINANZA PER UTILIZZARLO<\/strong><\/a> <span style=\"FONT-SIZE: 10pt\"><span style=\"FONT-FAMILY: verdana, geneva\">\u00c8 pronta la seconda ordinanza sindacale che permetter\u00e0, a partire dal 10 febbraio fino al 30 giugno prossimo, all&#8217;ASP Villa Menelao Turi di giocare ed allenarsi nel Palazzetto dello Sport.<\/span><\/span><\/span><\/span><\/span><\/span><\/span><\/span><\/span><\/span><\/p>\n<p style=\"text-align: justify;\"><span style=\"font-family: verdana,geneva;\"><span style=\"font-size: 10pt;\"><span style=\"FONT-SIZE: 10pt\"><span style=\"FONT-FAMILY: verdana, geneva\"><span style=\"FONT-SIZE: 10pt\"><span style=\"FONT-FAMILY: verdana, geneva\"><span style=\"FONT-FAMILY: verdana, geneva\"><span style=\"FONT-FAMILY: verdana, geneva\"><span style=\"FONT-SIZE: 10pt\"><span style=\"FONT-FAMILY: verdana, geneva\"><a href=\"index.php?option=com_content&amp;view=article&amp;id=922;pietro-salice-la-gente-ha-fiducia-in-vendola&amp;catid=14;politica&amp;Itemid=11\"><strong>PIETRO SALICE: LA GENTE HA FIDUCIA IN VENDOLA<\/strong><\/a> <span style=\"FONT-FAMILY: verdana, geneva\">Dopo che a Turi, pi\u00f9 che altrove, il ciclone Vendola ha devastato il Partito democratico, ci siamo messi in contatto con il segretario del Pd turese, Pietro Salice, che, in esclusiva per Turiweb, ha rilasciato questa intervista.<\/span><\/span><\/span><\/span><\/span><\/span><\/span><\/span><\/span><\/span><\/span><\/p>\n<p style=\"text-align: justify;\"><span style=\"font-family: verdana,geneva;\"><span style=\"font-size: 10pt;\"><span style=\"FONT-SIZE: 10pt\"><span style=\"FONT-FAMILY: verdana, geneva\"><span style=\"FONT-SIZE: 10pt\"><span style=\"FONT-FAMILY: verdana, geneva\"><span style=\"FONT-FAMILY: verdana, geneva\"><span style=\"FONT-FAMILY: verdana, geneva\"><span style=\"FONT-SIZE: 10pt\"><span style=\"FONT-FAMILY: verdana, geneva\"><span style=\"FONT-FAMILY: verdana, geneva\"> <\/span><\/span><\/span><\/span><\/span><\/span><\/span><\/span><\/span><\/span><\/span><\/p>\n<p style=\"text-align: justify;\"><span style=\"font-family: verdana,geneva;\"><span style=\"font-size: 10pt;\"><span style=\"FONT-SIZE: 10pt\"><span style=\"FONT-FAMILY: verdana, geneva\"><span style=\"FONT-SIZE: 10pt\"><span style=\"FONT-FAMILY: verdana, geneva\"><span style=\"FONT-FAMILY: verdana, geneva\"><span style=\"FONT-FAMILY: verdana, geneva\"><span style=\"FONT-SIZE: 10pt\"><span style=\"FONT-FAMILY: verdana, geneva\"><span style=\"FONT-FAMILY: verdana, geneva\"><strong>Mercoled\u00ec 27:<\/strong><\/span><\/span><\/span><\/span><\/span><\/span><\/span><\/span><\/span><\/span><\/span><\/p>\n<p style=\"text-align: justify;\"><span style=\"font-family: verdana,geneva;\"><span style=\"font-size: 10pt;\"><span style=\"FONT-SIZE: 10pt\"><span style=\"FONT-FAMILY: verdana, geneva\"><span style=\"FONT-SIZE: 10pt\"><span style=\"FONT-FAMILY: verdana, geneva\"><span style=\"FONT-FAMILY: verdana, geneva\"><span style=\"FONT-FAMILY: verdana, geneva\"><span style=\"FONT-SIZE: 10pt\"><span style=\"FONT-FAMILY: verdana, geneva\"><span style=\"FONT-FAMILY: verdana, geneva\"><a href=\"index.php?option=com_content&amp;view=article&amp;id=923;una-passeggiata-virtuale-nel-nostro-paese&amp;catid=17;attualita&amp;Itemid=14\"><strong>UNA PASSEGGIATA VIRTUALE NEL NOSTRO PAESE<\/strong><\/a> La funzione &#8220;Street View&#8221; offerta da Google-Maps ci accompagna in un tour virtuale della nostra cittadina. <\/span><\/span><\/span><\/span><\/span><\/span><\/span><\/span><\/span><\/span><\/span><\/p>\n<p style=\"text-align: justify;\"><span style=\"font-family: verdana,geneva;\"><span style=\"font-size: 10pt;\"><span style=\"FONT-SIZE: 10pt\"><span style=\"FONT-FAMILY: verdana, geneva\"><span style=\"FONT-SIZE: 10pt\"><span style=\"FONT-FAMILY: verdana, geneva\"><span style=\"FONT-FAMILY: verdana, geneva\"><span style=\"FONT-FAMILY: verdana, geneva\"><span style=\"FONT-SIZE: 10pt\"><span style=\"FONT-FAMILY: verdana, geneva\"><span style=\"FONT-FAMILY: verdana, geneva\"><a href=\"index.php?option=com_content&amp;view=article&amp;id=924;caserma-dei-carabinieri-un-calvario-senza-fine&amp;catid=17;attualita&amp;Itemid=14\"><strong>CASERMA DEI CARABINIERI, UN CALVARIO SENZA FINE<\/strong><\/a> Continua a crescere la paura di erdere la caserma dei carabinieri. L&#8217;idea di trasferire gli uffici nei locali dell&#8217;architetto Kastorinis \u00e8 sfumata a causa del canone di locazione richiesto, ritenuto troppo alto\u00a0 dall&#8217;Agenzia del Demanio.<\/span><\/span><\/span><\/span><\/span><\/span><\/span><\/span><\/span><\/span><\/span><\/p>\n<p style=\"text-align: justify;\"><span style=\"font-family: verdana,geneva;\"><span style=\"font-size: 10pt;\"><span style=\"FONT-SIZE: 10pt\"><span style=\"FONT-FAMILY: verdana, geneva\"><span style=\"FONT-SIZE: 10pt\"><span style=\"FONT-FAMILY: verdana, geneva\"><span style=\"FONT-FAMILY: verdana, geneva\"><span style=\"FONT-FAMILY: verdana, geneva\"><span style=\"FONT-SIZE: 10pt\"><span style=\"FONT-FAMILY: verdana, geneva\"><span style=\"FONT-FAMILY: verdana, geneva\"><a href=\"index.php?option=com_content&amp;view=article&amp;id=925;resta-a-tundo-la-sofferenza-non-fa-politica&amp;catid=14;politica&amp;Itemid=11\"><strong>RESTA A TUNDO: LA SOFFERENZA NON FA POLITICA<\/strong><\/a> <span style=\"FONT-SIZE: 10pt\"><span style=\"FONT-FAMILY: verdana, geneva\">Dopo l\u2019intervista dell\u2019assessore\u00a0 Tundo nella quale affronta anche il tema delle politiche sociali, a riguardo parla la consigliera Tina Resta. <\/span><\/span><\/span><\/span><\/span><\/span><\/span><\/span><\/span><\/span><\/span><\/span><\/span><\/p>\n<p style=\"text-align: justify;\"><span style=\"font-family: verdana,geneva;\"><span style=\"font-size: 10pt;\"><span style=\"FONT-SIZE: 10pt\"><span style=\"FONT-FAMILY: verdana, geneva\"><span style=\"FONT-SIZE: 10pt\"><span style=\"FONT-FAMILY: verdana, geneva\"><span style=\"FONT-FAMILY: verdana, geneva\"><span style=\"FONT-FAMILY: verdana, geneva\"><span style=\"FONT-SIZE: 10pt\"><span style=\"FONT-FAMILY: verdana, geneva\"><span style=\"FONT-FAMILY: verdana, geneva\"><span style=\"FONT-SIZE: 10pt\"><span style=\"FONT-FAMILY: verdana, geneva\"><a href=\"index.php?option=com_content&amp;view=article&amp;id=926;risplendente-la-gente-riprende-il-proprio-futuro&amp;catid=14;politica&amp;Itemid=11\"><strong>RISPLENDENTE: LA GENTE RIPRENDE IL PROPRIO FUTURO<\/strong><\/a> Il consigliere comunale di minoranza del PD, Piero Risplendente, analizza la vittoria di Nichi Vendola su Turi e sulla Puglia.<\/span><\/span><\/span><\/span><\/span><\/span><\/span><\/span><\/span><\/span><\/span><\/span><\/span><\/p>\n<p style=\"text-align: justify;\"><span style=\"font-family: verdana,geneva;\"><span style=\"font-size: 10pt;\"><span style=\"FONT-SIZE: 10pt\"><span style=\"FONT-FAMILY: verdana, geneva\"><span style=\"FONT-SIZE: 10pt\"><span style=\"FONT-FAMILY: verdana, geneva\"><span style=\"FONT-FAMILY: verdana, geneva\"><span style=\"FONT-FAMILY: verdana, geneva\"><span style=\"FONT-SIZE: 10pt\"><span style=\"FONT-FAMILY: verdana, geneva\"><span style=\"FONT-FAMILY: verdana, geneva\"><span style=\"FONT-SIZE: 10pt\"><span style=\"FONT-FAMILY: verdana, geneva\"> <\/span><\/span><\/span><\/span><\/span><\/span><\/span><\/span><\/span><\/span><\/span><\/span><\/span><\/p>\n<p style=\"text-align: justify;\"><span style=\"font-family: verdana,geneva;\"><span style=\"font-size: 10pt;\"><span style=\"FONT-SIZE: 10pt\"><span style=\"FONT-FAMILY: verdana, geneva\"><span style=\"FONT-SIZE: 10pt\"><span style=\"FONT-FAMILY: verdana, geneva\"><span style=\"FONT-FAMILY: verdana, geneva\"><span style=\"FONT-FAMILY: verdana, geneva\"><span style=\"FONT-SIZE: 10pt\"><span style=\"FONT-FAMILY: verdana, geneva\"><span style=\"FONT-FAMILY: verdana, geneva\"><span style=\"FONT-SIZE: 10pt\"><span style=\"FONT-FAMILY: verdana, geneva\"><strong>Gioved\u00ec 28:<\/strong><\/span><\/span><\/span><\/span><\/span><\/span><\/span><\/span><\/span><\/span><\/span><\/span><\/span><\/p>\n<p style=\"text-align: justify;\"><span style=\"font-family: verdana,geneva;\"><span style=\"font-size: 10pt;\"><span style=\"FONT-SIZE: 10pt\"><span style=\"FONT-FAMILY: verdana, geneva\"><span style=\"FONT-SIZE: 10pt\"><span style=\"FONT-FAMILY: verdana, geneva\"><span style=\"FONT-FAMILY: verdana, geneva\"><span style=\"FONT-FAMILY: verdana, geneva\"><span style=\"FONT-SIZE: 10pt\"><span style=\"FONT-FAMILY: verdana, geneva\"><span style=\"FONT-FAMILY: verdana, geneva\"><a href=\"index.php?option=com_content&amp;view=article&amp;id=927;bonus-gas-per-le-famiglie-meno-abbienti&amp;catid=17;attualita&amp;Itemid=14\"><strong>BONUS GAS PER LE FAMIGLIE MENO ABBIENTI<\/strong><\/a> <span style=\"FONT-SIZE: 10pt\"><span style=\"FONT-FAMILY: verdana, geneva\">In esecuzione della deliberazione dell\u2019Autorit\u00e0 per l\u2019energia elettrica ed il gas del 6 luglio 2009, \u00e8 operativo, con validit\u00e0 retroattiva al 1\u00b0 gennaio 2009, il Bonus Gas, ovvero una riduzione sulla spesa per la fornitura di gas riconosciuto alle famiglie in condizione di disagio economico.<\/span><\/span><\/span><\/span><\/span><\/span><\/span><\/span><\/span><\/span><\/span><\/span><\/span><\/p>\n<p style=\"text-align: justify;\"><span style=\"font-family: verdana,geneva;\"><span style=\"font-size: 10pt;\"><a href=\"index.php?option=com_content&amp;view=article&amp;id=928;colaprico-e-de-carolis-dormex-dop-biologico-e&amp;catid=17;attualita&amp;Itemid=14\"><strong>COLAPRICO E DE CAROLIS: DORMEX, DOP, BIOLOGICO E\u2026<\/strong><\/a> <span style=\"FONT-SIZE: 10pt\"><span style=\"FONT-FAMILY: verdana, geneva\">Siamo a fine gennaio. Per l\u2019agricoltura turese, siamo in quello che \u00e8 stato per anni, il periodo del Dormex. Da quando ne \u00e8 stata proibita la vendita, in tanti usano un prodotto similare chiamato Erger.<\/span><\/span><\/span><\/span><\/p>\n<p style=\"text-align: justify;\"><a href=\"index.php?option=com_content&amp;view=article&amp;id=929;gal-una-spinta&amp;catid=17;attualita&amp;Itemid=14\"><span style=\"font-family: verdana,geneva;\"><span style=\"font-size: 10pt;\"><strong>GAL, UNA SPINTA CONTRO LA CRISI<\/strong><\/span><\/span><\/a> <span style=\"FONT-SIZE: 10pt\"><span style=\"FONT-FAMILY: verdana, geneva\">Il GAL (Gruppo di Azione Locale) \u201cTerra dei Trulli e del Barsento\u201d \u00e8 soprattutto una risposta ai governi nazionali, una spinta dal basso, dai territori e dai Comuni, per valorizzare la nostra economia e fronteggiare la crisi dei settori.<\/span><\/span><\/p>\n<p>\u00a0<\/p>\n<p><strong><span style=\"font-family: verdana,geneva;\"><span style=\"font-size: 10pt;\">Venerd\u00ec 29:<\/span><\/span><\/strong><\/p>\n<p style=\"text-align: justify;\"><span style=\"font-family: verdana,geneva;\"><span style=\"font-size: 10pt;\"><a href=\"index.php?option=com_content&amp;view=article&amp;id=930;bidoni-della-spazzatura-in-fumo&amp;catid=17;attualita&amp;Itemid=14\"><strong>BIDONI DELLA SPAZZATURA IN FUMO<\/strong><\/a> Continua il fenomeno negativo dei \u201cbidoni fumanti\u201d. Non si sanno le precise cause del problema. Forse \u00e8 colpa di qualche scellerato che butta petardi prima della esplosione tra i rifiuti, o di casalinghe distratte che buttano nella spazzatura la cenere non del tutto spenta.<\/span><\/span><\/p>\n<p style=\"text-align: justify;\"><span style=\"font-family: verdana,geneva;\"><span style=\"font-size: 10pt;\"><a href=\"index.php?option=com_content&amp;view=article&amp;id=931;commercianti-e-professionisti-turesi-corretti&amp;catid=17;attualita&amp;Itemid=14\"><strong>POCHI SCONTRINI E MOLTI LAVORATORI A NERO<\/strong><\/a> <span style=\"FONT-SIZE: 10pt\"><span style=\"FONT-FAMILY: verdana, geneva\">Si invoca da pi\u00f9 parti la trasparenza, la correttezza, la legalit\u00e0 degli scambi commerciali tra consumatore e imprenditore o professionista. Il problema \u00e8 che spesso ci sembrano solamente proclami carichi di retorica e null\u2019altro. <\/span><\/span><span style=\"FONT-SIZE: 10pt\"><span style=\"FONT-FAMILY: verdana, geneva\">Da alcune segnalazioni, allora, abbiamo fatto un esperimento.<\/span><\/span><\/span><\/span><\/p>\n<p style=\"text-align: justify;\"><span style=\"font-family: verdana,geneva;\"><span style=\"font-size: 10pt;\"><span style=\"FONT-SIZE: 10pt\"><span style=\"FONT-FAMILY: verdana, geneva\"><a href=\"index.php?option=com_content&amp;view=article&amp;id=932;il-31-gennaio-donazione-del-plasma&amp;catid=17;attualita&amp;Itemid=14\"><strong>IL 31 GENNAIO DONAZIONE DEL PLASMA<\/strong><\/a> <span style=\"FONT-SIZE: 10pt\"><span style=\"FONT-FAMILY: verdana, geneva\">Inizia il nuovo anno, ma le esigenze quotidiane sono sempre le stesse. Su queste necessit\u00e0 si muove la Fidas Turi, che domenica 31 gennaio accoglier\u00e0 quanti vorranno e potranno fare la prima donazione a Turi del plasma.<\/span><\/span> <\/span><\/span><\/span><\/span><\/p>\n<p style=\"text-align: justify;\"><span style=\"font-family: verdana,geneva;\"><span style=\"font-size: 10pt;\"><span style=\"FONT-SIZE: 10pt\"><span style=\"FONT-FAMILY: verdana, geneva\"><a href=\"index.php?option=com_content&amp;view=article&amp;id=933;prima-di-ritorno-per-la-calcio-point&amp;catid=15&amp;Itemid=15\"><strong>PRIMA DI RITORNO PER LA CALCIO POINT<\/strong><\/a> La Calcio Point Turi attende in casa il San Rocco Ruvo in una partita molto delicata.<\/span><\/span><\/span><\/span><\/p>\n<p style=\"text-align: justify;\"><span style=\"font-family: verdana,geneva;\"><span style=\"font-size: 10pt;\"><span style=\"FONT-SIZE: 10pt\"><span style=\"FONT-FAMILY: verdana, geneva\"><a href=\"index.php?option=com_content&amp;view=article&amp;id=934;il-sogno-infinito-di-gepi-a-verona&amp;catid=15&amp;Itemid=15\"><strong>IL SOGNO INFINITO DI GEPI A VERONA<\/strong><\/a> <span style=\"FONT-SIZE: 10pt\"><span style=\"FONT-FAMILY: verdana, geneva\">\u00c8 passato quasi un anno quando l\u2019Hellas Verona, dopo aver cambiato i vertici societari, decide a poche ore dal termine del calciomercato, con una trattativa lampo, di acquistare dal Monopoli il nostro concittadino Gepi Pugliese, 26 anni.<\/span><\/span><\/span><\/span><\/span><\/span><\/p>\n<p style=\"text-align: justify;\"><span style=\"font-family: verdana,geneva;\"><span style=\"font-size: 10pt;\"><span style=\"FONT-SIZE: 10pt\"><span style=\"FONT-FAMILY: verdana, geneva\"><span style=\"FONT-SIZE: 10pt\"><span style=\"FONT-FAMILY: verdana, geneva\"><a href=\"index.php?option=com_content&amp;view=article&amp;id=935;antonio-coppi-palese-fa-politica-seriamente&amp;catid=14;politica&amp;Itemid=11\"><strong>ANTONIO COPPI: PALESE FA POLITICA SERIAMENTE<\/strong><\/a> <span style=\"FONT-SIZE: 10pt\"><span style=\"FONT-FAMILY: verdana, geneva\">\u00c8 Rocco Palese il candidato-Presidente per le prossime Regionali di fine marzo. Di Rocco Palese abbiamo parlato con l\u2019ex senatore Antonio Coppi, componente del coordinamento regionale del Pdl.<\/span><\/span><\/span><\/span><\/span><\/span><\/span><\/span><\/p>\n<p style=\"text-align: justify;\"><span style=\"font-family: verdana,geneva;\"><span style=\"font-size: 10pt;\"><span style=\"FONT-SIZE: 10pt\"><span style=\"FONT-FAMILY: verdana, geneva\"><span style=\"FONT-SIZE: 10pt\"><span style=\"FONT-FAMILY: verdana, geneva\"><span style=\"FONT-SIZE: 10pt\"><span style=\"FONT-FAMILY: verdana, geneva\"> <\/span><\/span><\/span><\/span><\/span><\/span><\/span><\/span><\/p>\n<p style=\"text-align: justify;\"><span style=\"font-family: verdana,geneva;\"><span style=\"font-size: 10pt;\"><span style=\"FONT-SIZE: 10pt\"><span style=\"FONT-FAMILY: verdana, geneva\"><span style=\"FONT-SIZE: 10pt\"><span style=\"FONT-FAMILY: verdana, geneva\"><span style=\"FONT-SIZE: 10pt\"><span style=\"FONT-FAMILY: verdana, geneva\"><strong>Sabato 30:<\/strong><\/span><\/span><\/span><\/span><\/span><\/span><\/span><\/span><\/p>\n<p style=\"text-align: justify;\"><span style=\"font-family: verdana,geneva;\"><span style=\"font-size: 10pt;\"><span style=\"FONT-SIZE: 10pt\"><span style=\"FONT-FAMILY: verdana, geneva\"><span style=\"FONT-SIZE: 10pt\"><span style=\"FONT-FAMILY: verdana, geneva\"><span style=\"FONT-SIZE: 10pt\"><span style=\"FONT-FAMILY: verdana, geneva\"><a href=\"index.php?option=com_content&amp;view=article&amp;id=936;presidio-del-libro-shema-per-ricordare&amp;catid=16&amp;Itemid=13\"><strong>PRESIDIO DEL LIBRO: SHEM\u00c0, PER RICORDARE<\/strong><\/a> <span style=\"FONT-SIZE: 10pt\"><span style=\"FONT-FAMILY: verdana, geneva\">Nella settimana che celebra il ricordo delle vittime della Shoah, il Presidio del Libro di Turi, nel pomeriggio del 29 gennaio, presso il Centro Culturale Polivalente, con la compagnia \u201cIl carro dei comici\u201d, ha presentato <strong>Shem\u00e0 (ascolta!)<\/strong>.<\/span><\/span><\/span><\/span><\/span><\/span><\/span><\/span><\/span><\/span><\/p>\n<p style=\"text-align: justify;\"><span style=\"font-family: verdana,geneva;\"><span style=\"font-size: 10pt;\"><span style=\"FONT-SIZE: 10pt\"><span style=\"FONT-FAMILY: verdana, geneva\"><span style=\"FONT-SIZE: 10pt\"><span style=\"FONT-FAMILY: verdana, geneva\"><span style=\"FONT-SIZE: 10pt\"><span style=\"FONT-FAMILY: verdana, geneva\"> <\/span><\/span><\/span><\/span><\/span><\/span><\/span><\/span><\/p>\n<p>\u00a0<\/p>\n<p><strong><br \/><\/strong><\/p>\n<p>\u00a0<\/p>\n","protected":false},"excerpt":{"rendered":"<p><img loading=\"lazy\" decoding=\"async\" class=\" size-full wp-image-1239\" alt=\"Postits\" src=\"https:\/\/archivioturi.lavocedelpaese.info\/wp-content\/uploads\/2010\/01\/Postits.jpg\" height=\"150\" width=\"319\" srcset=\"https:\/\/archivioturi.lavocedelpaese.info\/wp-content\/uploads\/2010\/01\/Postits.jpg 640w, https:\/\/archivioturi.lavocedelpaese.info\/wp-content\/uploads\/2010\/01\/Postits-300x141.jpg 300w\" sizes=\"auto, (max-width: 319px) 100vw, 319px\" \/> <\/p>\n","protected":false},"author":1,"featured_media":1239,"comment_status":"open","ping_status":"closed","sticky":false,"template":"","format":"standard","meta":{"colormag_page_container_layout":"default_layout","colormag_page_sidebar_layout":"default_layout","footnotes":""},"categories":[9],"tags":[],"class_list":["post-1319","post","type-post","status-publish","format-standard","has-post-thumbnail","hentry","category-la-voce-del-paese"],"_links":{"self":[{"href":"https:\/\/archivioturi.lavocedelpaese.info\/index.php\/wp-json\/wp\/v2\/posts\/1319","targetHints":{"allow":["GET"]}}],"collection":[{"href":"https:\/\/archivioturi.lavocedelpaese.info\/index.php\/wp-json\/wp\/v2\/posts"}],"about":[{"href":"https:\/\/archivioturi.lavocedelpaese.info\/index.php\/wp-json\/wp\/v2\/types\/post"}],"author":[{"embeddable":true,"href":"https:\/\/archivioturi.lavocedelpaese.info\/index.php\/wp-json\/wp\/v2\/users\/1"}],"replies":[{"embeddable":true,"href":"https:\/\/archivioturi.lavocedelpaese.info\/index.php\/wp-json\/wp\/v2\/comments?post=1319"}],"version-history":[{"count":0,"href":"https:\/\/archivioturi.lavocedelpaese.info\/index.php\/wp-json\/wp\/v2\/posts\/1319\/revisions"}],"wp:featuredmedia":[{"embeddable":true,"href":"https:\/\/archivioturi.lavocedelpaese.info\/index.php\/wp-json\/wp\/v2\/media\/1239"}],"wp:attachment":[{"href":"https:\/\/archivioturi.lavocedelpaese.info\/index.php\/wp-json\/wp\/v2\/media?parent=1319"}],"wp:term":[{"taxonomy":"category","embeddable":true,"href":"https:\/\/archivioturi.lavocedelpaese.info\/index.php\/wp-json\/wp\/v2\/categories?post=1319"},{"taxonomy":"post_tag","embeddable":true,"href":"https:\/\/archivioturi.lavocedelpaese.info\/index.php\/wp-json\/wp\/v2\/tags?post=1319"}],"curies":[{"name":"wp","href":"https:\/\/api.w.org\/{rel}","templated":true}]}}