{"id":13182,"date":"2015-06-30T08:10:27","date_gmt":"2015-06-30T08:10:27","guid":{"rendered":"https:\/\/archivioturi.lavocedelpaese.info\/index.php\/2015\/06\/30\/lultima-notte-in-libreria\/"},"modified":"2015-06-30T08:10:27","modified_gmt":"2015-06-30T08:10:27","slug":"lultima-notte-in-libreria","status":"publish","type":"post","link":"https:\/\/archivioturi.lavocedelpaese.info\/index.php\/2015\/06\/30\/lultima-notte-in-libreria\/","title":{"rendered":"L&#8217;ultima notte in libreria"},"content":{"rendered":"<p><img loading=\"lazy\" decoding=\"async\" src=\"https:\/\/c4.staticflickr.com\/4\/3811\/19197378812_de1b62a9d3_n.jpg\" alt=\"La targa consegnata a Lavinia Orlando\" height=\"240\" width=\"320\" \/><\/p>\n<p style=\"text-align: justify;\">\u00c8 stata, forse, l&#8217;ultima notte in libreria, presso la Eleutera di Alina Laruccia. <br \/>Un sabato sera, quello dello scroso 19 giugno, che si \u00e8 chiuso con un barlume di speranza per la comunit\u00e0 turese che da prossimo 24 giugno, sar\u00e0 orfana della sua libreria indipendente.<br \/>Ancora incredulo della decisione di Alina Laruccia, il sindaco Menino Coppi, che nella serata ha ascoltato, per bocca della libraia turese, quali sono state le difficlt\u00e0 incontrate nei suoi otto anni di attivit\u00e0. Osteggiata o poco considerata dalla sua comunit\u00e0 cittadina; non sostenuta nei progetti e nelle relazioni culturali intrecciate con il resto d&#8217;Italia; criticata e ostacolata dalle istituzioni locali, cieche -per volont\u00e0 forse? &#8211; dinanzi alle problematiche da lei sollevate e denunciata e, oggi, disinteressata perch\u00e8 la sua attivit\u00e0, unica e rara nella nostra Turi, chiude nell&#8217;indifferenza di tutti.<br \/>&#8220;Sono pochi coloro che mi stanno dimostrando rammarico e vicinanza&#8221; \u2013 ha aggiunto in seguito Alina Laruccia, delusa dall&#8217;atteggiamento dei pi\u00f9, che forse per compassione, forse per convenienza, entrano in libreria a fare il loro primo acquisto.<br \/>\u00c8 l&#8217;indifferenza di una comunit\u00e0 ad aver determinato la chiusura di un luogo nato per portare cultura.<br \/>Ma forse qualcosa si potr\u00e0 fare; forse una fenice potr\u00e0 rinascere dalle sue ceneri; forse sar\u00e0 una parte di quelle istituzioni a dare forma nuova ad un sogno.<br \/>Sono state infatti le parole della consigliera Serena Zaccheo, delegata alle amministrazioni condivise, a portare una luce di speranza alla nostra cittadina.<br \/>Alla presenza del sindaco e dell&#8217;Assessore alla Cultura, Lavinia Orlando, la dottoressa&nbsp; Zaccheo ha infatti &#8220;proposto di aprire la libreria in un locale presso la biblioteca comunale, appena saranno terminati i lavori e sar\u00e0 approvato il regolamento di amministrazione condivisa&#8221;.<br \/>Sicuramente attendiamo, prima di fare i salti di gioia, prima di felicitarci per rivedere aperta una libreria indipendente a Turi. <br \/>Sicuramente questo \u00e8 un primo passo di avvicinamento e di attenzione istituzionale a chi porta cultura, ma ancora mancher\u00e0 la volont\u00e0 del paese di accedere ad essa, di usufruirne, di godere della sua cura e scelta, preferendo il grande negozio in cui su vendono anche libri. <br \/>Se una libreria verr\u00e0 aperta in un locale comunale, ci auguriamo che siano sempre pi\u00f9 persone ad entrarvi ed acquistare libri, perch\u00e8 una libreria, senza lettori, non porta cultura, ma solo sogni che si coprono di polvere.<\/p>\n<p style=\"text-align: justify;\"><em>Al termine della Notte in libreria, Alina Laruccia ha consegnato a Lavinia Orlando, Assessore alla Cultura, la targa presente in libreria e che recita: &#8220;Quando apro la porta e vedo i miei libri, so che qui voglio essere, questa \u00e8 la mia casa e spero anche la vostra&#8221;. &#8220;L&#8217;ho consegnata a lei perch\u00e8 la conservi e la posi, speriamo, nel nuovo luogo dove sorger\u00e0 la libreria&#8221; \u2013 ha concluso Alina.<\/em><\/p>\n","protected":false},"excerpt":{"rendered":"<p><img loading=\"lazy\" decoding=\"async\" src=\"https:\/\/c4.staticflickr.com\/4\/3811\/19197378812_de1b62a9d3_n.jpg\" alt=\"La targa consegnata a Lavinia Orlando\" height=\"240\" width=\"320\" \/><\/p>\n","protected":false},"author":1,"featured_media":0,"comment_status":"open","ping_status":"closed","sticky":false,"template":"","format":"standard","meta":{"colormag_page_container_layout":"default_layout","colormag_page_sidebar_layout":"default_layout","footnotes":""},"categories":[7],"tags":[],"class_list":["post-13182","post","type-post","status-publish","format-standard","hentry","category-attualita"],"_links":{"self":[{"href":"https:\/\/archivioturi.lavocedelpaese.info\/index.php\/wp-json\/wp\/v2\/posts\/13182","targetHints":{"allow":["GET"]}}],"collection":[{"href":"https:\/\/archivioturi.lavocedelpaese.info\/index.php\/wp-json\/wp\/v2\/posts"}],"about":[{"href":"https:\/\/archivioturi.lavocedelpaese.info\/index.php\/wp-json\/wp\/v2\/types\/post"}],"author":[{"embeddable":true,"href":"https:\/\/archivioturi.lavocedelpaese.info\/index.php\/wp-json\/wp\/v2\/users\/1"}],"replies":[{"embeddable":true,"href":"https:\/\/archivioturi.lavocedelpaese.info\/index.php\/wp-json\/wp\/v2\/comments?post=13182"}],"version-history":[{"count":0,"href":"https:\/\/archivioturi.lavocedelpaese.info\/index.php\/wp-json\/wp\/v2\/posts\/13182\/revisions"}],"wp:attachment":[{"href":"https:\/\/archivioturi.lavocedelpaese.info\/index.php\/wp-json\/wp\/v2\/media?parent=13182"}],"wp:term":[{"taxonomy":"category","embeddable":true,"href":"https:\/\/archivioturi.lavocedelpaese.info\/index.php\/wp-json\/wp\/v2\/categories?post=13182"},{"taxonomy":"post_tag","embeddable":true,"href":"https:\/\/archivioturi.lavocedelpaese.info\/index.php\/wp-json\/wp\/v2\/tags?post=13182"}],"curies":[{"name":"wp","href":"https:\/\/api.w.org\/{rel}","templated":true}]}}