{"id":13163,"date":"2015-06-20T16:20:54","date_gmt":"2015-06-20T16:20:54","guid":{"rendered":"https:\/\/archivioturi.lavocedelpaese.info\/index.php\/2015\/06\/20\/incidente-in-via-gramsci\/"},"modified":"2015-06-20T16:20:54","modified_gmt":"2015-06-20T16:20:54","slug":"incidente-in-via-gramsci","status":"publish","type":"post","link":"https:\/\/archivioturi.lavocedelpaese.info\/index.php\/2015\/06\/20\/incidente-in-via-gramsci\/","title":{"rendered":"Incidente in Via Gramsci"},"content":{"rendered":"<p><img loading=\"lazy\" decoding=\"async\" src=\"https:\/\/c4.staticflickr.com\/4\/3899\/18363216144_3c4021ce93_n.jpg\" alt=\"IMG_3417\" height=\"213\" width=\"320\" \/><\/p>\n<p><img loading=\"lazy\" decoding=\"async\" style=\"float: right;\" src=\"https:\/\/c4.staticflickr.com\/4\/3840\/18988805261_66fa7cc004_n.jpg\" alt=\"IMG_3415\" height=\"213\" width=\"320\" \/><\/p>\n<p style=\"text-align: justify;\">\u00c8 stata la distrazione o forse la vista non pi\u00f9 perfetta di un signore di settant&#8217;anni&nbsp; originario di Turi ma da anni residente in Lussemburgo, a causare l&#8217;incidente avvenuto alle 12,40 di mercoled\u00ec scorso 17 giugno, in Via Gramsci. L&#8217;uomo, tornato a Turi per un breve periodo di tempo era alla guida di un ciclomotore elettrico e non ha visto lo stop, forse anche a causa delle auto parcheggiate male, all&#8217;incrocio tra Via Gramsci e Via<\/p>\n<p style=\"text-align: justify;\">Dottor. Domenico Resta, all&#8217;altezza dell&#8217;Alter Discount. Il ciclomotore&nbsp; ha quindi&nbsp; colliso con una Clio che procedeva nel senso opposto. Alla guida della Clio, una signora che \u00e8 rimasta per fortuna quasi del tutto illesa, poich\u00e9 procedeva a bassissima velocit\u00e0. La donna infatti non si \u00e8 recata neppure in Ospedale per gli accertamenti. Meno fortunato l&#8217;uomo, che \u00e8 rimasto lievemente ferito. Sul posto \u00e8 intervenuto il 118 di Turi che ha subito provveduto a trasportare l&#8217;uomo presso il Pronto Soccorso dell&#8217;Ospedale Miulli, dove \u00e8 stato medicato ed \u00e8 stato sottoposto a una Tac e agli accertamenti di rito. Oltre a qualche contusione dovute all&#8217;impatto, l&#8217;uomo ha riportato una piccola ferita sulla fronte ma \u00e8 stato poi dimesso alle 17.00 dello stesso giorno.<\/p>\n<p><img loading=\"lazy\" decoding=\"async\" style=\"float: left;\" src=\"https:\/\/c1.staticflickr.com\/1\/385\/18798161738_4dd1bba2fc_n.jpg\" alt=\"IMG_3414\" height=\"213\" width=\"320\" \/><\/p>\n<p style=\"text-align: justify;\">Un altro incidente poco grave si \u00e8 verificato gioved\u00ec mattina, alle 9,20 sulla Strada Provinciale per Sammichele. Un uomo di mezza et\u00e0 transitava sulla strada in direzione Sammichele quando a causa della viscosit\u00e0 del manto stradale &#8211; stava infatti continuando a piovere dopo una nottata altrettanto piovosa- \u00e8 uscito fuori strada. Immediato l&#8217;intervento della Polizia Municipale che ha rilevato il sinistro. L&#8217;uomo, fortunatamente, \u00e8 rimasto illeso, tanto da non ritenere necessari neanche gli accertamenti di rito.<\/p>\n","protected":false},"excerpt":{"rendered":"<p><img loading=\"lazy\" decoding=\"async\" src=\"https:\/\/c4.staticflickr.com\/4\/3899\/18363216144_3c4021ce93_n.jpg\" alt=\"IMG_3417\" height=\"213\" width=\"320\" \/><\/p>\n","protected":false},"author":1,"featured_media":0,"comment_status":"open","ping_status":"closed","sticky":false,"template":"","format":"standard","meta":{"colormag_page_container_layout":"default_layout","colormag_page_sidebar_layout":"default_layout","footnotes":""},"categories":[8],"tags":[],"class_list":["post-13163","post","type-post","status-publish","format-standard","hentry","category-cronaca"],"_links":{"self":[{"href":"https:\/\/archivioturi.lavocedelpaese.info\/index.php\/wp-json\/wp\/v2\/posts\/13163","targetHints":{"allow":["GET"]}}],"collection":[{"href":"https:\/\/archivioturi.lavocedelpaese.info\/index.php\/wp-json\/wp\/v2\/posts"}],"about":[{"href":"https:\/\/archivioturi.lavocedelpaese.info\/index.php\/wp-json\/wp\/v2\/types\/post"}],"author":[{"embeddable":true,"href":"https:\/\/archivioturi.lavocedelpaese.info\/index.php\/wp-json\/wp\/v2\/users\/1"}],"replies":[{"embeddable":true,"href":"https:\/\/archivioturi.lavocedelpaese.info\/index.php\/wp-json\/wp\/v2\/comments?post=13163"}],"version-history":[{"count":0,"href":"https:\/\/archivioturi.lavocedelpaese.info\/index.php\/wp-json\/wp\/v2\/posts\/13163\/revisions"}],"wp:attachment":[{"href":"https:\/\/archivioturi.lavocedelpaese.info\/index.php\/wp-json\/wp\/v2\/media?parent=13163"}],"wp:term":[{"taxonomy":"category","embeddable":true,"href":"https:\/\/archivioturi.lavocedelpaese.info\/index.php\/wp-json\/wp\/v2\/categories?post=13163"},{"taxonomy":"post_tag","embeddable":true,"href":"https:\/\/archivioturi.lavocedelpaese.info\/index.php\/wp-json\/wp\/v2\/tags?post=13163"}],"curies":[{"name":"wp","href":"https:\/\/api.w.org\/{rel}","templated":true}]}}