{"id":13158,"date":"2015-06-17T04:35:22","date_gmt":"2015-06-17T04:35:22","guid":{"rendered":"https:\/\/archivioturi.lavocedelpaese.info\/index.php\/2015\/06\/17\/tundo-sui-prezzi-delle-ciliegie-lamministrazione-non-ha-fatto-nulla\/"},"modified":"2015-06-17T04:35:22","modified_gmt":"2015-06-17T04:35:22","slug":"tundo-sui-prezzi-delle-ciliegie-lamministrazione-non-ha-fatto-nulla","status":"publish","type":"post","link":"https:\/\/archivioturi.lavocedelpaese.info\/index.php\/2015\/06\/17\/tundo-sui-prezzi-delle-ciliegie-lamministrazione-non-ha-fatto-nulla\/","title":{"rendered":"Tundo: \u201cSui prezzi delle ciliegie l\u2019Amministrazione non ha fatto nulla\u201d"},"content":{"rendered":"<p><img loading=\"lazy\" decoding=\"async\" src=\"https:\/\/c2.staticflickr.com\/8\/7601\/16888720831_5c57b8c2d4_m.jpg\" alt=\"Paolo Tundo\" height=\"240\" width=\"182\" \/><\/p>\n<p style=\"text-align: justify;\">Sui prezzi bassi delle ciliegie nostrane interviene anche il consigliere di opposizione Paolo Tundo: \u201cHo fatto una passeggiata per le campagne insieme a Luigi Vitali, parlando della situazione disastrosa del mercato quest\u2019anno, i prezzi sono molto bassi\u201d. \u201cLe piccole e medie imprese sono arrabbiate per il disastro economico che stanno vivendo. Molte famiglie si ritroveranno al lastrico quest\u2019anno perch\u00e9 hanno speso tantissimo e riusciranno a malapena a recuperare i costi. C\u2019\u00e8 un malcontento generale e ci si aspettava che l\u2019Amministrazione comunale si impegnasse\u201d. Proprio per far fronte a questa situazione, il consigliere aveva prospettato nell\u2019ultima riunione dei capigruppo, \u201cperlomeno di mandare una comunicazione scritta al Presidente del Consiglio, al Consiglio dei Ministri, al Ministro dell\u2019Agricoltura e al Ministro della Finanza, per chiedere come mai il mercato non va nel verso giusto. Bisogna che qualcuno faccia chiarezza e verifichi che non ci siano abusi sul mercato e che a Turi non si stia facendo speculazione. \u00c8 assolutamente necessario controllare questa situazione\u201d.&nbsp; Questa comunicazione scritta, da inviare anche ai Prefetti, dovrebbe essere inviata \u2013 sempre secondo il consigliere \u2013 convocando anche i sindaci dei paesi limitrofi, \u201ccome Conversano, Sammichele, Putignano, Casamassima, dove abbiamo la massima produzione di ciliegia\u201d.<br \/>\u201cLa gente \u00e8 molto delusa e arrabbiata \u2013 spiega Tundo. Si aspettava una risposta dalle Istituzioni anche in questo senso\u201d. \u201cNoi dobbiamo verificare se il mercato va nella legittimit\u00e0 e nella trasparenza o no. Ci aspettavamo da parte dell\u2019Amministrazione almeno questo tipo di sollecito. Ecco perch\u00e9 io lo avevo proposto. Durante l\u2019inaugurazione della Sagra della Ciliegia hanno parlato di quanto sia bella la ciliegia, e io sono d\u2019accordo, la nostra ciliegia \u00e8 bellissima, prelibata, squisita da mangiare, ma mi aspettavo che il Sindaco provvedesse, proprio in quel giorno, a dire ci\u00f2 che avrebbero fatto a riguardo come Amministrazione, se avessero provveduto a verificare perch\u00e9 i prezzi sono cos\u00ec bassi. Speriamo di avere queste risposte, sapere la verit\u00e0\u201d.<\/p>\n","protected":false},"excerpt":{"rendered":"<p><img loading=\"lazy\" decoding=\"async\" src=\"https:\/\/c2.staticflickr.com\/8\/7601\/16888720831_5c57b8c2d4_m.jpg\" alt=\"Paolo Tundo\" height=\"240\" width=\"182\" \/><\/p>\n","protected":false},"author":1,"featured_media":0,"comment_status":"open","ping_status":"closed","sticky":false,"template":"","format":"standard","meta":{"colormag_page_container_layout":"default_layout","colormag_page_sidebar_layout":"default_layout","footnotes":""},"categories":[4],"tags":[],"class_list":["post-13158","post","type-post","status-publish","format-standard","hentry","category-politica"],"_links":{"self":[{"href":"https:\/\/archivioturi.lavocedelpaese.info\/index.php\/wp-json\/wp\/v2\/posts\/13158","targetHints":{"allow":["GET"]}}],"collection":[{"href":"https:\/\/archivioturi.lavocedelpaese.info\/index.php\/wp-json\/wp\/v2\/posts"}],"about":[{"href":"https:\/\/archivioturi.lavocedelpaese.info\/index.php\/wp-json\/wp\/v2\/types\/post"}],"author":[{"embeddable":true,"href":"https:\/\/archivioturi.lavocedelpaese.info\/index.php\/wp-json\/wp\/v2\/users\/1"}],"replies":[{"embeddable":true,"href":"https:\/\/archivioturi.lavocedelpaese.info\/index.php\/wp-json\/wp\/v2\/comments?post=13158"}],"version-history":[{"count":0,"href":"https:\/\/archivioturi.lavocedelpaese.info\/index.php\/wp-json\/wp\/v2\/posts\/13158\/revisions"}],"wp:attachment":[{"href":"https:\/\/archivioturi.lavocedelpaese.info\/index.php\/wp-json\/wp\/v2\/media?parent=13158"}],"wp:term":[{"taxonomy":"category","embeddable":true,"href":"https:\/\/archivioturi.lavocedelpaese.info\/index.php\/wp-json\/wp\/v2\/categories?post=13158"},{"taxonomy":"post_tag","embeddable":true,"href":"https:\/\/archivioturi.lavocedelpaese.info\/index.php\/wp-json\/wp\/v2\/tags?post=13158"}],"curies":[{"name":"wp","href":"https:\/\/api.w.org\/{rel}","templated":true}]}}