{"id":13128,"date":"2015-06-10T08:23:27","date_gmt":"2015-06-10T08:23:27","guid":{"rendered":"https:\/\/archivioturi.lavocedelpaese.info\/index.php\/2015\/06\/10\/la-strada-senza-piu-un-nome\/"},"modified":"2015-06-10T08:23:27","modified_gmt":"2015-06-10T08:23:27","slug":"la-strada-senza-piu-un-nome","status":"publish","type":"post","link":"https:\/\/archivioturi.lavocedelpaese.info\/index.php\/2015\/06\/10\/la-strada-senza-piu-un-nome\/","title":{"rendered":"La strada senza pi\u00f9 un nome"},"content":{"rendered":"<p><img loading=\"lazy\" decoding=\"async\" src=\"https:\/\/c1.staticflickr.com\/9\/8896\/18413569550_d4c81ca30b_n.jpg\" alt=\"Tommaso Fanizza e la targa mancante\" height=\"213\" width=\"320\" \/><\/p>\n<p style=\"text-align: justify;\">Il centro storico di Turi \u00e8 un gioiellino allo stato grezzo: Via Forno De Bellis ne \u00e8 una prova lampante. La zona, bella da togliere il fiato anche per l&#8217;osservatore meno attento, \u00e8 lasciata da un po&#8217; di tempo in uno stato d&#8217;abbandono. A testimoniare la scarsa attenzione dell&#8217;Amministrazione nei confronti della zona, le molteplici buche ed i pericolosi crateri che si aprono sulla strada. Ma c&#8217;\u00e8 un problema ancora pi\u00f9 urgente che sta preoccupando i residenti della zona ed \u00e8 che Via Forno De Bellis non ha pi\u00f9 un nome, poich\u00e9 la targa \u00e8 caduta a febbraio 2014 e da allora, nonostante le insistenze dei residenti, non \u00e8 stata mai pi\u00f9 sostituita. Il Signor Tommaso Fanizza, ex impiegato del Comune e residente nella &#8220;Via senza pi\u00f9 nome&#8221; si sta impegnando personalmente in una battaglia, che fino ad ora si \u00e8 rivelata vana, per far s\u00ec che Via Forno De Bellis abbia di nuovo la sua targa. Per questa ragione si \u00e8 rivolto al nostro giornale, con l&#8217;augurio che la questione possa finalmente essere presa sul serio. Racconta il signor Tommaso Fanizza: \u00abCirca un anno fa ci siamo accorti che era caduta questa targa con su scritto &#8220;Traversa Forno De Bellis&#8221;. <img loading=\"lazy\" decoding=\"async\" style=\"margin-top: 10px; margin-bottom: 10px; margin-left: 10px; float: right;\" src=\"https:\/\/c1.staticflickr.com\/1\/398\/18413589830_fe4aec5a22_n.jpg\" alt=\"TARGA MANCANTE\" height=\"213\" width=\"320\" \/>Per un po&#8217; di tempo noi stessi non abbiamo dato peso alla cosa, finch\u00e9 non abbiamo visto che il postino metteva sempre nella mia cassetta della posta le lettere indirizzate ad altri. Decisi perci\u00f2 di recarmi all&#8217;Ufficio delle Guardie per chiedere informazioni su chi dovesse fare i lavori per ripristinare la targa; la risposta fu che non era una cosa di loro competenza e che dovevo recarmi al Comune. Andai dunque al Comune e parlai con un giovane geometra e con l&#8217;ex sindachessa ed entrambi mi assicurarono che avrebbero preso provvedimenti a riguardo; \u00e8 passato intanto pi\u00f9 di un anno e non \u00e8 cambiato niente. Attraverso il giornale voglio far s\u00ec che&nbsp; sia data attenzione alla zona e al centro storico che sono in stato di abbandono. Vorremmo che quantomeno venisse ripristinata la targa!\u00bb. Per quanto riguarda le buche poi, il Signor Fanizza racconta come egli stesso, insieme ad altri residenti esasperati, hanno dovuto adottare&nbsp; metodi &#8220;fai da te&#8221; per risolvere almeno temporaneamente il problema, come riempire le buche di cemento, poich\u00e9 nessuno ha mai preso provvedimenti in merito. Continua dunque il signor Fanizza: \u00abIo voglio fare un appello direttamente al signor Sindaco, che mi conosce personalmente molto bene, affinch\u00e9 intervenga\u00bb. Ci uniamo dunque all&#8217;appello del signor Fanizza e aspettiamo con ansia buone notizie.<\/p>\n","protected":false},"excerpt":{"rendered":"<p><img loading=\"lazy\" decoding=\"async\" src=\"https:\/\/c1.staticflickr.com\/9\/8896\/18413569550_d4c81ca30b_n.jpg\" alt=\"Tommaso Fanizza e la targa mancante\" height=\"213\" width=\"320\" \/><\/p>\n","protected":false},"author":1,"featured_media":0,"comment_status":"open","ping_status":"closed","sticky":false,"template":"","format":"standard","meta":{"colormag_page_container_layout":"default_layout","colormag_page_sidebar_layout":"default_layout","footnotes":""},"categories":[7],"tags":[],"class_list":["post-13128","post","type-post","status-publish","format-standard","hentry","category-attualita"],"_links":{"self":[{"href":"https:\/\/archivioturi.lavocedelpaese.info\/index.php\/wp-json\/wp\/v2\/posts\/13128","targetHints":{"allow":["GET"]}}],"collection":[{"href":"https:\/\/archivioturi.lavocedelpaese.info\/index.php\/wp-json\/wp\/v2\/posts"}],"about":[{"href":"https:\/\/archivioturi.lavocedelpaese.info\/index.php\/wp-json\/wp\/v2\/types\/post"}],"author":[{"embeddable":true,"href":"https:\/\/archivioturi.lavocedelpaese.info\/index.php\/wp-json\/wp\/v2\/users\/1"}],"replies":[{"embeddable":true,"href":"https:\/\/archivioturi.lavocedelpaese.info\/index.php\/wp-json\/wp\/v2\/comments?post=13128"}],"version-history":[{"count":0,"href":"https:\/\/archivioturi.lavocedelpaese.info\/index.php\/wp-json\/wp\/v2\/posts\/13128\/revisions"}],"wp:attachment":[{"href":"https:\/\/archivioturi.lavocedelpaese.info\/index.php\/wp-json\/wp\/v2\/media?parent=13128"}],"wp:term":[{"taxonomy":"category","embeddable":true,"href":"https:\/\/archivioturi.lavocedelpaese.info\/index.php\/wp-json\/wp\/v2\/categories?post=13128"},{"taxonomy":"post_tag","embeddable":true,"href":"https:\/\/archivioturi.lavocedelpaese.info\/index.php\/wp-json\/wp\/v2\/tags?post=13128"}],"curies":[{"name":"wp","href":"https:\/\/api.w.org\/{rel}","templated":true}]}}