{"id":13106,"date":"2015-06-01T12:04:12","date_gmt":"2015-06-01T12:04:12","guid":{"rendered":"https:\/\/archivioturi.lavocedelpaese.info\/index.php\/2015\/06\/01\/naturiamo\/"},"modified":"2015-06-01T12:04:12","modified_gmt":"2015-06-01T12:04:12","slug":"naturiamo","status":"publish","type":"post","link":"https:\/\/archivioturi.lavocedelpaese.info\/index.php\/2015\/06\/01\/naturiamo\/","title":{"rendered":"Naturiamo?"},"content":{"rendered":"<p><img loading=\"lazy\" decoding=\"async\" src=\"https:\/\/c2.staticflickr.com\/8\/7736\/18320128481_32b84ce8fc_n.jpg\" alt=\"DSC09337\" height=\"180\" width=\"320\" \/><\/p>\n<p style=\"text-align: justify;\">Macchine fotografiche, telecamere puntate, cellulari ben diretti. In scena va &#8220;Naturiamo&#8221;.<br \/>Presso la sala teatro dell&#8217;Istituito Comprensivo &#8220;Resta &#8211; De Donato Giannini&#8221;, i bambini dell&#8217;ultimo anno della scuola dell&#8217;Infanzia di Turi hanno invitato i loro genitori in due serate tutte dedicate alla Natura. <br \/>Nei pomeriggi di mercoled\u00ec 27 e gioved\u00ec 28 maggio, i bambini, guidati dalle sapienti mani dei loro docenti, hanno regalato agli sguardi attenti ed emozionati di mamma, pap\u00e0, nonni e zii, un momento di divertimento e di riflessione. Ma perch\u00e9 \u201cNaTuriAmo\u201d? A spiegarlo il coordinatore del progetto, il maestro Antonello Malena e la dottoressa Tina Resta, che hanno accolto i presenti e preparato a quanto si stava per vedere.<br \/>\u201cSi tratta di un progetto molto lungo e articolato che ha visto coinvolti i bambini in diverse uscite didattiche presso l&#8217;Isola Ecologica Catucci, la Masseria \u201cSpartaglio\u201d di Putignano e la grotta di Sant&#8217;Oronzo\u201d &#8211; ha precisato il maestro Malena. \u201cTutto questo \u00e8 stato possibile grazie alla preziosa collaborazione di voi genitori e il lavoro dei docenti\u201d- ha cos\u00ec aggiunto Tina Resta, spiegando come non sia semplice affrontare il dannoso tema della cura e della salvaguardia dell&#8217;ambiente con bambini cos\u00ec piccoli. \u201cLe insegnanti li hanno ben preparati al passaggio successivo, a saper affrontare in maniera pi\u00f9 attenta i prossimi gradini della conoscenza e, quello che hanno fatto in questo anno i vostri figli, \u00e8 un lavoro duro ma che li ha portati a crescere e maturare molto\u201d- ha poi aggiunto la maestra Angela Loparco.<br \/>\u201cSono molto fiero di quello che abbiamo visto \u2013 ha quindi preso la parola il preside, prof. Ferdinando Brienza \u2013 perch\u00e9 i miei bambini hanno espresso, in maniera semplice e divertendosi, degli argomenti molto importanti. Mi complimento \u2013 ha poi aggiunto con soddisfazione \u2013 con i miei insegnanti, perch\u00e9 nonostante le tante difficolt\u00e0 e i tanti problemi che ruotano attorno alla scuola, lavorano sempre con professionalit\u00e0 e passione\u201d.<br \/>A complimentarsi con i bambini e le insegnanti, anche l&#8217;assessore alla Pubblica Istruzione, Giusy Caldararo e il consigliere Antonello Palmisano, preziose fonti di collaborazione per la riuscita del progetto. \u201cGiocare, divertendosi, \u00e8 la chiave per far recepire ai bambini anche concetti difficili\u201d &#8211; ha&nbsp; proferito la Caldararo, che come insegnante ha voluto complimentarsi col lavoro di Antonello Palmisano e le operatrici culturali del SAC. <br \/>Parola d&#8217;ordine delle due serate sono state \u201criciclaggio\u201d e \u201ccura del mondo\u201d, raccontate ai genitori con canti e coreografie. \u201cGesti d&#8217;amore\u201d, non solo verso l&#8217;uomo, ma anche verso l&#8217;ambiente e tutto quello che lo abita e con \u201cSOS Pianeta\u201d i piccoli hanno lanciato un aiuto a salvare il Pianeta Terra. <br \/>Canti finali a sorpresa sul riciclaggio hanno lasciato spazio alla visione di un filmato sulle attivit\u00e0 didattiche esterne compiute per Naturiamo.<br \/>Alle quattro classi dell&#8217;Infanzia, sono stati consegnati quattro kit per la realizzazione delle casette della felicit\u00e0 di Leandro Mazzone.<\/p>\n<p><object height=\"480\" width=\"640\"><param name=\"flashvars\" value=\"offsite=true&amp;lang=it-it&amp;page_show_url=%2Fphotos%2F91470992%40N02%2Fsets%2F72157653380776998%2Fshow%2F&amp;page_show_back_url=%2Fphotos%2F91470992%40N02%2Fsets%2F72157653380776998%2F&amp;set_id=72157653380776998&amp;jump_to=\" \/><param name=\"movie\" value=\"https:\/\/www.flickr.com\/apps\/slideshow\/show.swf?v=1811922554\" \/><param name=\"allowFullScreen\" value=\"true\" \/><embed type=\"application\/x-shockwave-flash\" src=\"https:\/\/www.flickr.com\/apps\/slideshow\/show.swf?v=1811922554\" allowfullscreen=\"true\" flashvars=\"offsite=true&amp;lang=it-it&amp;page_show_url=%2Fphotos%2F91470992%40N02%2Fsets%2F72157653380776998%2Fshow%2F&amp;page_show_back_url=%2Fphotos%2F91470992%40N02%2Fsets%2F72157653380776998%2F&amp;set_id=72157653380776998&amp;jump_to=\" height=\"480\" width=\"640\" \/><\/object><\/p>\n","protected":false},"excerpt":{"rendered":"<p><img loading=\"lazy\" decoding=\"async\" src=\"https:\/\/c2.staticflickr.com\/8\/7736\/18320128481_32b84ce8fc_n.jpg\" alt=\"DSC09337\" height=\"180\" width=\"320\" \/><\/p>\n","protected":false},"author":1,"featured_media":0,"comment_status":"open","ping_status":"closed","sticky":false,"template":"","format":"standard","meta":{"colormag_page_container_layout":"default_layout","colormag_page_sidebar_layout":"default_layout","footnotes":""},"categories":[6],"tags":[],"class_list":["post-13106","post","type-post","status-publish","format-standard","hentry","category-cultura"],"_links":{"self":[{"href":"https:\/\/archivioturi.lavocedelpaese.info\/index.php\/wp-json\/wp\/v2\/posts\/13106","targetHints":{"allow":["GET"]}}],"collection":[{"href":"https:\/\/archivioturi.lavocedelpaese.info\/index.php\/wp-json\/wp\/v2\/posts"}],"about":[{"href":"https:\/\/archivioturi.lavocedelpaese.info\/index.php\/wp-json\/wp\/v2\/types\/post"}],"author":[{"embeddable":true,"href":"https:\/\/archivioturi.lavocedelpaese.info\/index.php\/wp-json\/wp\/v2\/users\/1"}],"replies":[{"embeddable":true,"href":"https:\/\/archivioturi.lavocedelpaese.info\/index.php\/wp-json\/wp\/v2\/comments?post=13106"}],"version-history":[{"count":0,"href":"https:\/\/archivioturi.lavocedelpaese.info\/index.php\/wp-json\/wp\/v2\/posts\/13106\/revisions"}],"wp:attachment":[{"href":"https:\/\/archivioturi.lavocedelpaese.info\/index.php\/wp-json\/wp\/v2\/media?parent=13106"}],"wp:term":[{"taxonomy":"category","embeddable":true,"href":"https:\/\/archivioturi.lavocedelpaese.info\/index.php\/wp-json\/wp\/v2\/categories?post=13106"},{"taxonomy":"post_tag","embeddable":true,"href":"https:\/\/archivioturi.lavocedelpaese.info\/index.php\/wp-json\/wp\/v2\/tags?post=13106"}],"curies":[{"name":"wp","href":"https:\/\/api.w.org\/{rel}","templated":true}]}}