{"id":13096,"date":"2015-06-01T07:13:41","date_gmt":"2015-06-01T07:13:41","guid":{"rendered":"https:\/\/archivioturi.lavocedelpaese.info\/index.php\/2015\/06\/01\/bimbimbici-anche-turi-con-gli-amici-della-bicicletta\/"},"modified":"2015-06-01T07:13:41","modified_gmt":"2015-06-01T07:13:41","slug":"bimbimbici-anche-turi-con-gli-amici-della-bicicletta","status":"publish","type":"post","link":"https:\/\/archivioturi.lavocedelpaese.info\/index.php\/2015\/06\/01\/bimbimbici-anche-turi-con-gli-amici-della-bicicletta\/","title":{"rendered":"Bimbimbici: anche Turi con gli Amici della Bicicletta"},"content":{"rendered":"<p><img loading=\"lazy\" decoding=\"async\" src=\"https:\/\/c2.staticflickr.com\/6\/5325\/18086644882_928e53ef3f_n.jpg\" alt=\"DSC09075\" height=\"180\" width=\"320\" \/><\/p>\n<p style=\"text-align: justify;\">Il tiepido sole di domenica 24 maggio ha accompagnato la mattinata di Bimbimbici, la manifestazione nazionale organizzata dalla FIAB (Federazione Italiana Amici della Bicicletta), a cui il Comune di Turi ha aderito con la collaborazione dell&#8217;Associazione Genitori Turesi.<br \/>Presso Piazza Capitano Colapietro, tutti su due ruote pronti ad un percordo cittadino per rinnovare l&#8217;importanza di scegliere la bicicletta o una passeggiata a piedi e abbandonare, per un giorno, l&#8217;uso della macchina.<br \/>Tra le vie del centro turese, approfittando anche della scarsa presenza delle vetture, gli amanti della bicicetta, scortati dalla Polizia Municipale, dalla Protezione Civile e dei volontari della Pubblica Assistenza del Turi Soccorso, hanno toccato le piazze principali della cittadina. Una sosta presso il boschetto &#8220;Zaccheo&#8221;, per un merenda offerta dalla Fiab, dall&#8217;Associazione Genitori turesi e dall&#8217;Acqua Amata e poi una conclusione ai piedi del palazzo Municipale.<br \/>\u201cL\u2019Amministrazione Comunale ringrazia tutti i partecipanti all\u2019evento \u2013 ha commentato in apertura della passeggiata Lavinia Orlando. Cos\u00ec, ringraziando l&#8217;Associazione Genitori Turesi e chi ha collaborato per la realizzazione della mattinata, ha rinnovato il messaggio che la FIAB promuove con il Bimbimbici: &#8220;incoraggiare la mobilit\u00e0 sostenibile e diffondere l\u2019uso della bicicletta tra i giovani e giovanissimi\u201d. In tutta Italia, tutti sono coinvolti in una allegra pedalata in sicurezza lungo le vie cittadine e nel territorio urbano, rivolgendosi a chi ama la bicicletta e desidera vivere in un mondo dove le macchine lascino spazio alle bici, lo smog all\u2019aria fresca, la frenesia alla lentezza.<br \/>Bimbimbici vuole quindi sollecitare la collettivit\u00e0 ad una riflessione generale sulla necessit\u00e0 di creare zone verdi e piste ciclabili per aumentare la vivibilit\u00e0 dei centri urbani. La manifestazione, inoltre, si \u00e8 prefissa lo scopo di sensibilizzare i pi\u00f9 piccoli, ma non solo, allo sport e alle regole del rispetto altrui, fondamentale per la crescita dei ragazzi e che spesso \u00e8 anche importante far rivivere negli adulti.<\/p>\n<p><object height=\"480\" width=\"640\"><param name=\"flashvars\" value=\"offsite=true&amp;lang=it-it&amp;page_show_url=%2Fphotos%2F91470992%40N02%2Fsets%2F72157653453366035%2Fshow%2F&amp;page_show_back_url=%2Fphotos%2F91470992%40N02%2Fsets%2F72157653453366035%2F&amp;set_id=72157653453366035&amp;jump_to=\" \/><param name=\"movie\" value=\"https:\/\/www.flickr.com\/apps\/slideshow\/show.swf?v=1811922554\" \/><param name=\"allowFullScreen\" value=\"true\" \/><embed type=\"application\/x-shockwave-flash\" src=\"https:\/\/www.flickr.com\/apps\/slideshow\/show.swf?v=1811922554\" allowfullscreen=\"true\" flashvars=\"offsite=true&amp;lang=it-it&amp;page_show_url=%2Fphotos%2F91470992%40N02%2Fsets%2F72157653453366035%2Fshow%2F&amp;page_show_back_url=%2Fphotos%2F91470992%40N02%2Fsets%2F72157653453366035%2F&amp;set_id=72157653453366035&amp;jump_to=\" height=\"480\" width=\"640\" \/><\/object><\/p>\n","protected":false},"excerpt":{"rendered":"<p><img loading=\"lazy\" decoding=\"async\" src=\"https:\/\/c2.staticflickr.com\/6\/5325\/18086644882_928e53ef3f_n.jpg\" alt=\"DSC09075\" height=\"180\" width=\"320\" \/><\/p>\n","protected":false},"author":1,"featured_media":0,"comment_status":"open","ping_status":"closed","sticky":false,"template":"","format":"standard","meta":{"colormag_page_container_layout":"default_layout","colormag_page_sidebar_layout":"default_layout","footnotes":""},"categories":[6],"tags":[],"class_list":["post-13096","post","type-post","status-publish","format-standard","hentry","category-cultura"],"_links":{"self":[{"href":"https:\/\/archivioturi.lavocedelpaese.info\/index.php\/wp-json\/wp\/v2\/posts\/13096","targetHints":{"allow":["GET"]}}],"collection":[{"href":"https:\/\/archivioturi.lavocedelpaese.info\/index.php\/wp-json\/wp\/v2\/posts"}],"about":[{"href":"https:\/\/archivioturi.lavocedelpaese.info\/index.php\/wp-json\/wp\/v2\/types\/post"}],"author":[{"embeddable":true,"href":"https:\/\/archivioturi.lavocedelpaese.info\/index.php\/wp-json\/wp\/v2\/users\/1"}],"replies":[{"embeddable":true,"href":"https:\/\/archivioturi.lavocedelpaese.info\/index.php\/wp-json\/wp\/v2\/comments?post=13096"}],"version-history":[{"count":0,"href":"https:\/\/archivioturi.lavocedelpaese.info\/index.php\/wp-json\/wp\/v2\/posts\/13096\/revisions"}],"wp:attachment":[{"href":"https:\/\/archivioturi.lavocedelpaese.info\/index.php\/wp-json\/wp\/v2\/media?parent=13096"}],"wp:term":[{"taxonomy":"category","embeddable":true,"href":"https:\/\/archivioturi.lavocedelpaese.info\/index.php\/wp-json\/wp\/v2\/categories?post=13096"},{"taxonomy":"post_tag","embeddable":true,"href":"https:\/\/archivioturi.lavocedelpaese.info\/index.php\/wp-json\/wp\/v2\/tags?post=13096"}],"curies":[{"name":"wp","href":"https:\/\/api.w.org\/{rel}","templated":true}]}}