{"id":13088,"date":"2015-05-27T13:18:53","date_gmt":"2015-05-27T13:18:53","guid":{"rendered":"https:\/\/archivioturi.lavocedelpaese.info\/index.php\/2015\/05\/27\/la-persona-relazione-di-anima-e-corpo\/"},"modified":"2015-05-27T13:18:53","modified_gmt":"2015-05-27T13:18:53","slug":"la-persona-relazione-di-anima-e-corpo","status":"publish","type":"post","link":"https:\/\/archivioturi.lavocedelpaese.info\/index.php\/2015\/05\/27\/la-persona-relazione-di-anima-e-corpo\/","title":{"rendered":"La persona: relazione di anima e corpo"},"content":{"rendered":"<p><img loading=\"lazy\" decoding=\"async\" src=\"https:\/\/c2.staticflickr.com\/6\/5336\/18081243331_03a1d886b3_n.jpg\" alt=\"20150515_201231-1 (1)\" height=\"230\" width=\"320\" \/><\/p>\n<p style=\"text-align: justify;\">Viviamo in un\u2019epoca di saperi frammentati. Quanto pi\u00f9 il progresso si afferma in termini di conoscenza e di esperienza, tanto pi\u00f9 il sapere si specializza e si parcellizza. Ogni disciplina finisce per occuparsi soltanto degli argomenti che le sono propri, dimenticando che il mondo, e in fin dei conti l\u2019uomo, risponde a criteri di unitariet\u00e0. Tornare alla consapevolezza che la persona umana va concepita nella sua integrit\u00e0, e che quindi i saperi delle varie discipline vanno presi in considerazione assieme, superando logiche di dualismo, \u00e8 la sfida del secondo volume di don Nicola D\u2019Onghia. Il libro,&nbsp; che ha visto l\u2019importante contributo in qualit\u00e0 di co-autore di suor Daniela Del Gaudio,&nbsp; \u00e8 stato presentato dal parroco di san Giovanni&nbsp; a Noci, sua citt\u00e0 natale, lo scorso venerd\u00ec 15 maggio, nel salone parrocchiale della chiesa Santissimo Nome di Ges\u00f9. Il dott. Nicola Simonetti ha introdotto la serata, entrando subito nel vivo del testo, sottolineando come i due autori, entrambi teologi, siano riusciti ad avventurarsi in argomenti di anatomia, di fisiologia e medicina in maniera rigorosa e mirabile. \u201cNoi medici all\u2019antica spesso non riusciamo a parlare di cervello cos\u00ec bene\u201d ha sottolineato, dopo aver fatto una carrellata sugli studi antichi e moderni sull\u2019anima e sul suo rapporto con il corpo. \u201cNon ci basta dire: Io credo, vogliamo conoscere. Ed in questa direzione va il libro.\u201d Al&nbsp; dott. Mario Trisolini, medico clinico e psichiatra, il compito di addentrarsi in definizioni spesso non chiarissime tanto da prestarsi ad errori di interpretazione. Prima di tutto in che cosa differiscono neurologia e neuroscienze? Cosa significano, davvero, termini dall\u2019uso comune e spesso improprio come cervello, mente, psiche, anima? Lo psichiatra, a partire da queste definizioni, \u00e8 giunto a sottolineare l\u2019importanza di fare chiarezza nell\u2019ambito delle neuroscienze, in modo da interpretare situazioni delicate, come lo stato vegetativo, il coma, la capacit\u00e0 di intendere e di volere nell\u2019ambito della medicina legale, nel modo pi\u00f9 giusto. La parola \u00e8 passata poi al teologo don Francesco Zaccaria, che ha sottolineato come la teologia, da sempre, ha cercato di unire saperi diversi, che spesso sembrano lontani: \u201cLa grandezza di questo libro \u2013 ha affermato \u2013 \u00e8 che riesce a sventare alcuni pregiudizi sia di chi non conosce la religione, sia di chi non conosce la scienza. Cos\u00ec come gli autori si sono lasciati interpellare dalla complessit\u00e0, cos\u00ec anche noi, leggendo il libro, ci lasciamo interpellare da loro per andare oltre i sistemi duali scienza \/ fede, ragione \/ religione.\u201d Infine la parola a don Nicola, che ha spiegato come questo nuovo lavoro miri ad una tesi a lui molto cara, e cio\u00e8 che l\u2019essere umano \u00e8 relazione, ha una predisposizione neurobiologica alla relazione. Ha poi sottolineato come la comunit\u00e0 scientifica stia sempre pi\u00f9 riscoprendo la dimensione dell\u2019unit\u00e0 di mente e corpo, assieme a tutte le implicazioni mediche ed etiche che questo comporta. Il tutto per rispondere alla domanda delle domande: chi \u00e8 l\u2019uomo?<\/p>\n","protected":false},"excerpt":{"rendered":"<p><img loading=\"lazy\" decoding=\"async\" src=\"https:\/\/c2.staticflickr.com\/6\/5336\/18081243331_03a1d886b3_n.jpg\" alt=\"20150515_201231-1 (1)\" height=\"230\" width=\"320\" \/><\/p>\n","protected":false},"author":1,"featured_media":0,"comment_status":"open","ping_status":"closed","sticky":false,"template":"","format":"standard","meta":{"colormag_page_container_layout":"default_layout","colormag_page_sidebar_layout":"default_layout","footnotes":""},"categories":[6],"tags":[],"class_list":["post-13088","post","type-post","status-publish","format-standard","hentry","category-cultura"],"_links":{"self":[{"href":"https:\/\/archivioturi.lavocedelpaese.info\/index.php\/wp-json\/wp\/v2\/posts\/13088","targetHints":{"allow":["GET"]}}],"collection":[{"href":"https:\/\/archivioturi.lavocedelpaese.info\/index.php\/wp-json\/wp\/v2\/posts"}],"about":[{"href":"https:\/\/archivioturi.lavocedelpaese.info\/index.php\/wp-json\/wp\/v2\/types\/post"}],"author":[{"embeddable":true,"href":"https:\/\/archivioturi.lavocedelpaese.info\/index.php\/wp-json\/wp\/v2\/users\/1"}],"replies":[{"embeddable":true,"href":"https:\/\/archivioturi.lavocedelpaese.info\/index.php\/wp-json\/wp\/v2\/comments?post=13088"}],"version-history":[{"count":0,"href":"https:\/\/archivioturi.lavocedelpaese.info\/index.php\/wp-json\/wp\/v2\/posts\/13088\/revisions"}],"wp:attachment":[{"href":"https:\/\/archivioturi.lavocedelpaese.info\/index.php\/wp-json\/wp\/v2\/media?parent=13088"}],"wp:term":[{"taxonomy":"category","embeddable":true,"href":"https:\/\/archivioturi.lavocedelpaese.info\/index.php\/wp-json\/wp\/v2\/categories?post=13088"},{"taxonomy":"post_tag","embeddable":true,"href":"https:\/\/archivioturi.lavocedelpaese.info\/index.php\/wp-json\/wp\/v2\/tags?post=13088"}],"curies":[{"name":"wp","href":"https:\/\/api.w.org\/{rel}","templated":true}]}}