{"id":13084,"date":"2015-05-26T13:03:00","date_gmt":"2015-05-26T13:03:00","guid":{"rendered":"https:\/\/archivioturi.lavocedelpaese.info\/index.php\/2015\/05\/26\/annalisa-strada-si-racconta\/"},"modified":"2015-05-26T13:03:00","modified_gmt":"2015-05-26T13:03:00","slug":"annalisa-strada-si-racconta","status":"publish","type":"post","link":"https:\/\/archivioturi.lavocedelpaese.info\/index.php\/2015\/05\/26\/annalisa-strada-si-racconta\/","title":{"rendered":"Annalisa Strada si racconta"},"content":{"rendered":"<p><img loading=\"lazy\" decoding=\"async\" src=\"https:\/\/c4.staticflickr.com\/8\/7714\/17893018779_3b30f30341_n.jpg\" alt=\"DSCN1195\" height=\"240\" width=\"320\" \/><\/p>\n<p style=\"text-align: justify;\">&nbsp;<\/p>\n<p style=\"text-align: justify;\" class=\"western\" align=\"justify\">Nell\u2019ambito della rassegna letteraria \u201cDidiario\u201d, gioved\u00ec 21 maggio, a partire dalle ore 8,30, presso la sala teatro dell&#8217;I. C. &#8220;Resta \u2013 De Donato Giannini&#8221; di Turi, si \u00e8 tenuto l\u2019incontro con Annalisa Strada.<\/p>\n<p style=\"text-align: justify;\" class=\"western\" align=\"justify\">L\u2019autrice che si \u00e8 occupata per anni di servizi editoriali, per poi dedicarsi alla narrativa per ragazzi e, quasi contemporaneamente, all\u2019insegnamento come docente di lettere nella scuola secondaria di primo grado, ha ripercorso, rispondendo alle domande poste dagli studenti, le tappe salienti della propria vita di donna e di autrice. Tra filastrocche, canti e illustrazioni i ragazzi hanno omaggiato la scrittrice mostrandole un accentuato interesse per il libro \u201cQuella serpe di mia sorella\u201d.<\/p>\n<p style=\"text-align: justify;\" class=\"western\" align=\"justify\">Un libro che narrando le avventure di due sorelle, in continuo conflitto, menziona un\u2019antica leggenda giapponese secondo cui, creando mille gru di carta, si pu\u00f2 ottenere la possibilit\u00e0 di esaudire un desiderio. Una delle attivit\u00e0 principali della rassegna \u00e8 proprio quella di promuovere la lettura tra i bambini e i ragazzi rivolgendosi, in particolar modo, al mondo della scuola per offrire l\u2019opportunit\u00e0 di parlare di libri e di scrittori, in un modo diverso da quello previsto nelle tradizionali attivit\u00e0 scolastiche.<\/p>\n<p style=\"text-align: justify;\" class=\"western\" align=\"justify\">Il progetto di promozione si pone infatti l&#8217;obiettivo da un lato di offrire agli insegnanti un\u2019occasione di riflessione e orientamento nel vasto mondo dell&#8217;editoria contemporanea facendo conoscere gli autori italiani e i libri pi\u00f9 adatti ad un approccio pi\u00f9 stimolante e coinvolgente alla pagina scritta; dall&#8217;altro intende entrare in contatto con i tanti bambini e ragazzi che non si avvicinano in modo spontaneo al variegato mondo dei libri.<\/p>\n<p style=\"text-align: justify;\" class=\"western\" align=\"justify\">L\u2019incontro si \u00e8 concluso con un gradito omaggio, floreale e gastronomico, all\u2019autrice i cui ringraziamenti sono stati accompagnati da un applauso scrosciante.<\/p>\n<p><object height=\"480\" width=\"640\"><param name=\"flashvars\" value=\"offsite=true&amp;lang=it-it&amp;page_show_url=%2Fphotos%2F91470992%40N02%2Fsets%2F72157653012545680%2Fshow%2F&amp;page_show_back_url=%2Fphotos%2F91470992%40N02%2Fsets%2F72157653012545680%2F&amp;set_id=72157653012545680&amp;jump_to=\" \/><param name=\"movie\" value=\"https:\/\/www.flickr.com\/apps\/slideshow\/show.swf?v=1811922554\" \/><param name=\"allowFullScreen\" value=\"true\" \/><embed type=\"application\/x-shockwave-flash\" src=\"https:\/\/www.flickr.com\/apps\/slideshow\/show.swf?v=1811922554\" allowfullscreen=\"true\" flashvars=\"offsite=true&amp;lang=it-it&amp;page_show_url=%2Fphotos%2F91470992%40N02%2Fsets%2F72157653012545680%2Fshow%2F&amp;page_show_back_url=%2Fphotos%2F91470992%40N02%2Fsets%2F72157653012545680%2F&amp;set_id=72157653012545680&amp;jump_to=\" height=\"480\" width=\"640\" \/><\/object><\/p>\n","protected":false},"excerpt":{"rendered":"<p><img loading=\"lazy\" decoding=\"async\" src=\"https:\/\/c4.staticflickr.com\/8\/7714\/17893018779_3b30f30341_n.jpg\" alt=\"DSCN1195\" height=\"240\" width=\"320\" \/><\/p>\n","protected":false},"author":1,"featured_media":0,"comment_status":"open","ping_status":"closed","sticky":false,"template":"","format":"standard","meta":{"colormag_page_container_layout":"default_layout","colormag_page_sidebar_layout":"default_layout","footnotes":""},"categories":[6],"tags":[],"class_list":["post-13084","post","type-post","status-publish","format-standard","hentry","category-cultura"],"_links":{"self":[{"href":"https:\/\/archivioturi.lavocedelpaese.info\/index.php\/wp-json\/wp\/v2\/posts\/13084","targetHints":{"allow":["GET"]}}],"collection":[{"href":"https:\/\/archivioturi.lavocedelpaese.info\/index.php\/wp-json\/wp\/v2\/posts"}],"about":[{"href":"https:\/\/archivioturi.lavocedelpaese.info\/index.php\/wp-json\/wp\/v2\/types\/post"}],"author":[{"embeddable":true,"href":"https:\/\/archivioturi.lavocedelpaese.info\/index.php\/wp-json\/wp\/v2\/users\/1"}],"replies":[{"embeddable":true,"href":"https:\/\/archivioturi.lavocedelpaese.info\/index.php\/wp-json\/wp\/v2\/comments?post=13084"}],"version-history":[{"count":0,"href":"https:\/\/archivioturi.lavocedelpaese.info\/index.php\/wp-json\/wp\/v2\/posts\/13084\/revisions"}],"wp:attachment":[{"href":"https:\/\/archivioturi.lavocedelpaese.info\/index.php\/wp-json\/wp\/v2\/media?parent=13084"}],"wp:term":[{"taxonomy":"category","embeddable":true,"href":"https:\/\/archivioturi.lavocedelpaese.info\/index.php\/wp-json\/wp\/v2\/categories?post=13084"},{"taxonomy":"post_tag","embeddable":true,"href":"https:\/\/archivioturi.lavocedelpaese.info\/index.php\/wp-json\/wp\/v2\/tags?post=13084"}],"curies":[{"name":"wp","href":"https:\/\/api.w.org\/{rel}","templated":true}]}}