{"id":13083,"date":"2015-05-25T17:41:42","date_gmt":"2015-05-25T17:41:42","guid":{"rendered":"https:\/\/archivioturi.lavocedelpaese.info\/index.php\/2015\/05\/25\/gda-allites-qpertiniq\/"},"modified":"2015-05-25T17:41:42","modified_gmt":"2015-05-25T17:41:42","slug":"gda-allites-qpertiniq","status":"publish","type":"post","link":"https:\/\/archivioturi.lavocedelpaese.info\/index.php\/2015\/05\/25\/gda-allites-qpertiniq\/","title":{"rendered":"GDA all&#8217;Ites &#8220;Pertini&#8221;"},"content":{"rendered":"<p><img loading=\"lazy\" decoding=\"async\" src=\"https:\/\/c1.staticflickr.com\/9\/8846\/18045528975_dd6c7b88da_n.jpg\" alt=\"DSC_5317\" height=\"213\" width=\"320\" \/><\/p>\n<p style=\"text-align: justify;\">Da un&#8217;iniziativa di Maria Antonietta Palazzo, Luana Roberto, Azzurra Castellini, Piero Lasorella, Rino Roberto, Roberta Coppi e Andrea Arr\u00e8, per la prima volta, anche l&#8217;ITES &#8220;Pertini \u2013 Montale&#8221; di Turi ha festeggiato la sua Giornata dell&#8217;Arte.<br \/>Rotta la tradizione con gli appuntamenti di fine anno, la scuola superiore turese si regala una giornata di arte, musica, divetimento che ha coinvolto ragazzi e docenti. <br \/>Il tempo beffardo ha giocato un piccolo scherzo ai ragazzi dell&#8217;Istituto, che non si sono fatti scoraggiare e, aperte le porte della sala teatro, hanno dato vita ad un&#8217;accoglienza tra canti e scatch divertenti. Una giornata diversa dal solito, trascorsa a scuola e non tra i banchi, che ha raccolto l&#8217;apprezzamento degli stessi professori, partecipi, anche loro, della Giornata dell&#8217;Arte turese.<br \/>Un esperienza per tutti da rifare, momenti sicuramente da far rivivere, &#8220;portando magari la GDA tra le strade di Turi per far vedere ai turesi che la nosta scuola c&#8217;\u00e8 e si impegna&#8221; \u2013 \u00e8 il commento di una delle organizzatrici, Maria Antonietta Palazzo.<br \/>Il grazie, da parte degli organizzatori, che ricordiamo essere gli stessi ragazzi dell&#8217;istituto &#8220;va a coloro che hanno partecipato alle attivit\u00e0 proposte perch\u00e8 senza di loro non sarebbe stato possibile avere questa giornata \u2013 spiegano- Un ringraziamento va al preside Roncone, che ci ha concesso la giornata e al vice preside, il prof Buonaccino, che ci ha insegnato i trucchi del mestiere!&#8221;.<br \/>Con la disponibilit\u00e0 di alcune attivit\u00e0 commerciali turesi, si \u00e8 aperta, nella palestra dell&#8217;Istituto, la seconda parte della giornata, all&#8217;insegna della moda, con gli abiti di Cheresia e la preparazione delle modelle di Anna Rita Verdoni.<br \/>Tornei di calcio a tre, calcio balilla, balli di gruppo, realizzazioni artistiche da parte di El Zava e tanto altro.<br \/>Una festa di colori, che ha acceso e rallegrato la pelle di tutti; &#8220;un piccolo progetto da cui partire&#8221; per perfezionarsi e crescere e far riconoscere le capacit\u00e0 creative della nostra scuola, anche tra i ragazzi dei paesi vicini.<\/p>\n<p>Di seguito alcune foto della giornata:<object height=\"480\" width=\"640\"><param name=\"flashvars\" value=\"offsite=true&amp;lang=it-it&amp;page_show_url=%2Fphotos%2F91470992%40N02%2Fsets%2F72157651064236733%2Fshow%2F&amp;page_show_back_url=%2Fphotos%2F91470992%40N02%2Fsets%2F72157651064236733%2F&amp;set_id=72157651064236733&amp;jump_to=\" \/><param name=\"movie\" value=\"https:\/\/www.flickr.com\/apps\/slideshow\/show.swf?v=1811922554\" \/><param name=\"allowFullScreen\" value=\"true\" \/><embed type=\"application\/x-shockwave-flash\" src=\"https:\/\/www.flickr.com\/apps\/slideshow\/show.swf?v=1811922554\" allowfullscreen=\"true\" flashvars=\"offsite=true&amp;lang=it-it&amp;page_show_url=%2Fphotos%2F91470992%40N02%2Fsets%2F72157651064236733%2Fshow%2F&amp;page_show_back_url=%2Fphotos%2F91470992%40N02%2Fsets%2F72157651064236733%2F&amp;set_id=72157651064236733&amp;jump_to=\" height=\"480\" width=\"640\" \/><\/object><\/p>\n","protected":false},"excerpt":{"rendered":"<p><img loading=\"lazy\" decoding=\"async\" src=\"https:\/\/c1.staticflickr.com\/9\/8846\/18045528975_dd6c7b88da_n.jpg\" alt=\"DSC_5317\" height=\"213\" width=\"320\" \/><\/p>\n","protected":false},"author":1,"featured_media":0,"comment_status":"open","ping_status":"closed","sticky":false,"template":"","format":"standard","meta":{"colormag_page_container_layout":"default_layout","colormag_page_sidebar_layout":"default_layout","footnotes":""},"categories":[6],"tags":[],"class_list":["post-13083","post","type-post","status-publish","format-standard","hentry","category-cultura"],"_links":{"self":[{"href":"https:\/\/archivioturi.lavocedelpaese.info\/index.php\/wp-json\/wp\/v2\/posts\/13083","targetHints":{"allow":["GET"]}}],"collection":[{"href":"https:\/\/archivioturi.lavocedelpaese.info\/index.php\/wp-json\/wp\/v2\/posts"}],"about":[{"href":"https:\/\/archivioturi.lavocedelpaese.info\/index.php\/wp-json\/wp\/v2\/types\/post"}],"author":[{"embeddable":true,"href":"https:\/\/archivioturi.lavocedelpaese.info\/index.php\/wp-json\/wp\/v2\/users\/1"}],"replies":[{"embeddable":true,"href":"https:\/\/archivioturi.lavocedelpaese.info\/index.php\/wp-json\/wp\/v2\/comments?post=13083"}],"version-history":[{"count":0,"href":"https:\/\/archivioturi.lavocedelpaese.info\/index.php\/wp-json\/wp\/v2\/posts\/13083\/revisions"}],"wp:attachment":[{"href":"https:\/\/archivioturi.lavocedelpaese.info\/index.php\/wp-json\/wp\/v2\/media?parent=13083"}],"wp:term":[{"taxonomy":"category","embeddable":true,"href":"https:\/\/archivioturi.lavocedelpaese.info\/index.php\/wp-json\/wp\/v2\/categories?post=13083"},{"taxonomy":"post_tag","embeddable":true,"href":"https:\/\/archivioturi.lavocedelpaese.info\/index.php\/wp-json\/wp\/v2\/tags?post=13083"}],"curies":[{"name":"wp","href":"https:\/\/api.w.org\/{rel}","templated":true}]}}