{"id":13078,"date":"2015-05-25T12:19:17","date_gmt":"2015-05-25T12:19:17","guid":{"rendered":"https:\/\/archivioturi.lavocedelpaese.info\/index.php\/2015\/05\/25\/nella-fabbrica-del-gelato-per-una-lezione-di-gusto\/"},"modified":"2015-05-25T12:19:17","modified_gmt":"2015-05-25T12:19:17","slug":"nella-fabbrica-del-gelato-per-una-lezione-di-gusto","status":"publish","type":"post","link":"https:\/\/archivioturi.lavocedelpaese.info\/index.php\/2015\/05\/25\/nella-fabbrica-del-gelato-per-una-lezione-di-gusto\/","title":{"rendered":"Nella fabbrica del gelato per una lezione di gusto"},"content":{"rendered":"<p><img loading=\"lazy\" decoding=\"async\" src=\"https:\/\/c2.staticflickr.com\/6\/5328\/17970591076_8c7fd70c0e_n.jpg\" alt=\"La sorpresa dello staff\" height=\"180\" width=\"320\" \/><\/p>\n<p style=\"text-align: justify;\">Nel laboratorio dei sapori del &#8220;diavolo nero&#8221; di Turi, nella mattinata di mercoled\u00ec 20 maggio, le classi quinta E e F dell&#8217;Istituto Comprensivo &#8220;Resta \u2013 De Donato Giannini&#8221;, hanno curiosato nella cucina del gusto di Paolo Spinelli. <br \/>Perch\u00e8 studiare sui libri come nasce un gelato? Perch\u00e8 non approfittare della sapiente maestria dello staff creativo del &#8220;Black Devil caf\u00e8&#8221; per guardare, commentare e assaggiare un buon gelato artigianale? Ingredienti pronti, gusti scelti e curiosit\u00e0 alimentata. <br \/>Indossiati cos\u00ec i berretti rossi dell&#8217;attivit\u00e0 commerciale e solcato, per un giorno, l&#8217;ingresso del laboratorio dolciario, i piccoli assaggiatori hanno lasciato parlare gli esperti e guardato mescolare palette e cucchiai per comporre i sapori perfetti.<br \/>Coppette e cucchiaini distribuiti a tutti i bambini, pronti ad assaggiare i gusti di fior di latte e fragola&nbsp; creati per l&#8217;occasione. <br \/>Non si sono lasciati sfuggire i segreti di un mestiere che fa tutti sognare e che riporta bambini anche quelli pi\u00f9 grandi. Ingredienti natuarali, come prassi dell&#8217;azienda, regolati ad arte, per comporre i gusti pi\u00f9 variegati, mostrati e raccontati non solo da Paolo, ma anche da Gianfranco Palmieri e Massimiliano Dell&#8217;Aera che ha incoraggiato la curiosit\u00e0 tecnica dei piccoli assaggiatori. <br \/>Solo frutta di stagione e materie prime di ottima qualit\u00e0 a soddisfare i palati degli appassionati del gelato, curiosi anche di conoscere i componenti e le tecniche di lavorazione per ottenere il gusto perfetto. L&#8217;ingrediente &#8220;segreto&#8221; che nessuno aspettava di vedere? La farina dei semi di carruba! Sguardi attoniti per gli alunni che hanno toccato e poi osservato come e perch\u00e8 rappresenta un elemento fondamentale nella composizione del gelato. Ma il gusto pi\u00f9 richiesto? &#8220;Sicuramente quello nocciola \u2013 ha speigato Paolo \u2013 seguito dal cioccolato e poi da tutti gli altri gusti&#8221;. &#8220;Ma si pu\u00f2 fare il gelato da qualsiasi alimento desideriate&#8221; \u2013 ha aggiunto Massimiliano. <br \/>Un laboratorio appassionante per tutti i partecipanti, coronato dall&#8217;immancabile assaggio del gelato artigianale e abbellito con i colori e i cartelli dei lavori degli alunni di quinta E che hanno incorniciato una giornata sicuramente da ripetere.<br \/>&#8220;Vogliamo ringraziare Paolo Spinelli e tutto lo staff del Black Devil caf\u00e8, Massimiliano Dell&#8217;Aera e Antonello Malena che ci hanno permesso di realizzare questo gustoso momento formativo&#8221; \u2013 hanno commentato le maestre Pasquita e Mariuccia salutando l&#8217;ospitalit\u00e0 dell&#8217;attivit\u00e0 commerciale, non dimenticando di ringraziare anche il dirigente scolastico, prof. Ferdinando Brienza e il prof. Leronni per aver accolto questo progetto.<\/p>\n<p><object height=\"480\" width=\"640\"><param name=\"flashvars\" value=\"offsite=true&amp;lang=it-it&amp;page_show_url=%2Fphotos%2F91470992%40N02%2Fsets%2F72157653315569605%2Fshow%2F&amp;page_show_back_url=%2Fphotos%2F91470992%40N02%2Fsets%2F72157653315569605%2F&amp;set_id=72157653315569605&amp;jump_to=\" \/><param name=\"movie\" value=\"https:\/\/www.flickr.com\/apps\/slideshow\/show.swf?v=1811922554\" \/><param name=\"allowFullScreen\" value=\"true\" \/><embed type=\"application\/x-shockwave-flash\" src=\"https:\/\/www.flickr.com\/apps\/slideshow\/show.swf?v=1811922554\" allowfullscreen=\"true\" flashvars=\"offsite=true&amp;lang=it-it&amp;page_show_url=%2Fphotos%2F91470992%40N02%2Fsets%2F72157653315569605%2Fshow%2F&amp;page_show_back_url=%2Fphotos%2F91470992%40N02%2Fsets%2F72157653315569605%2F&amp;set_id=72157653315569605&amp;jump_to=\" height=\"480\" width=\"640\" \/><\/object><\/p>\n","protected":false},"excerpt":{"rendered":"<p><img loading=\"lazy\" decoding=\"async\" src=\"https:\/\/c2.staticflickr.com\/6\/5328\/17970591076_8c7fd70c0e_n.jpg\" alt=\"La sorpresa dello staff\" height=\"180\" width=\"320\" \/><\/p>\n","protected":false},"author":1,"featured_media":0,"comment_status":"open","ping_status":"closed","sticky":false,"template":"","format":"standard","meta":{"colormag_page_container_layout":"default_layout","colormag_page_sidebar_layout":"default_layout","footnotes":""},"categories":[6],"tags":[],"class_list":["post-13078","post","type-post","status-publish","format-standard","hentry","category-cultura"],"_links":{"self":[{"href":"https:\/\/archivioturi.lavocedelpaese.info\/index.php\/wp-json\/wp\/v2\/posts\/13078","targetHints":{"allow":["GET"]}}],"collection":[{"href":"https:\/\/archivioturi.lavocedelpaese.info\/index.php\/wp-json\/wp\/v2\/posts"}],"about":[{"href":"https:\/\/archivioturi.lavocedelpaese.info\/index.php\/wp-json\/wp\/v2\/types\/post"}],"author":[{"embeddable":true,"href":"https:\/\/archivioturi.lavocedelpaese.info\/index.php\/wp-json\/wp\/v2\/users\/1"}],"replies":[{"embeddable":true,"href":"https:\/\/archivioturi.lavocedelpaese.info\/index.php\/wp-json\/wp\/v2\/comments?post=13078"}],"version-history":[{"count":0,"href":"https:\/\/archivioturi.lavocedelpaese.info\/index.php\/wp-json\/wp\/v2\/posts\/13078\/revisions"}],"wp:attachment":[{"href":"https:\/\/archivioturi.lavocedelpaese.info\/index.php\/wp-json\/wp\/v2\/media?parent=13078"}],"wp:term":[{"taxonomy":"category","embeddable":true,"href":"https:\/\/archivioturi.lavocedelpaese.info\/index.php\/wp-json\/wp\/v2\/categories?post=13078"},{"taxonomy":"post_tag","embeddable":true,"href":"https:\/\/archivioturi.lavocedelpaese.info\/index.php\/wp-json\/wp\/v2\/tags?post=13078"}],"curies":[{"name":"wp","href":"https:\/\/api.w.org\/{rel}","templated":true}]}}