{"id":13073,"date":"2015-05-20T13:32:17","date_gmt":"2015-05-20T13:32:17","guid":{"rendered":"https:\/\/archivioturi.lavocedelpaese.info\/index.php\/2015\/05\/20\/largo-pozzi-in-stato-dabbandono\/"},"modified":"2015-05-20T13:32:17","modified_gmt":"2015-05-20T13:32:17","slug":"largo-pozzi-in-stato-dabbandono","status":"publish","type":"post","link":"https:\/\/archivioturi.lavocedelpaese.info\/index.php\/2015\/05\/20\/largo-pozzi-in-stato-dabbandono\/","title":{"rendered":"Largo Pozzi in stato d&#8217;abbandono"},"content":{"rendered":"<p><img loading=\"lazy\" decoding=\"async\" src=\"https:\/\/c2.staticflickr.com\/6\/5342\/17816281532_80a47cc885_n.jpg\" alt=\"LARGO POZZI 3\" height=\"213\" width=\"320\" \/><\/p>\n<p><object height=\"375\" width=\"500\"><param name=\"flashvars\" value=\"offsite=true&amp;lang=it-it&amp;page_show_url=%2Fphotos%2F91470992%40N02%2Fsets%2F72157652978963456%2Fshow%2F&amp;page_show_back_url=%2Fphotos%2F91470992%40N02%2Fsets%2F72157652978963456%2F&amp;set_id=72157652978963456&amp;jump_to=\" \/><param name=\"movie\" value=\"https:\/\/www.flickr.com\/apps\/slideshow\/show.swf?v=1811922554\" \/><param name=\"allowFullScreen\" value=\"true\" \/><embed type=\"application\/x-shockwave-flash\" src=\"https:\/\/www.flickr.com\/apps\/slideshow\/show.swf?v=1811922554\" allowfullscreen=\"true\" flashvars=\"offsite=true&amp;lang=it-it&amp;page_show_url=%2Fphotos%2F91470992%40N02%2Fsets%2F72157652978963456%2Fshow%2F&amp;page_show_back_url=%2Fphotos%2F91470992%40N02%2Fsets%2F72157652978963456%2F&amp;set_id=72157652978963456&amp;jump_to=\" height=\"375\" width=\"500\" \/><\/object><\/p>\n<p style=\"text-align: justify;\">Una volta Largo Pozzi era uno spazio verde ed era motivo d&#8217;orgoglio per i turesi: alberi tutt&#8217;intorno, panchine curate, operatori ecologici solerti. I bambini giocavano a calcio e i genitori erano tranquilli, le mamme portavano i loro bimbi nei passeggini&#8230;insomma un&#8217;isola felice. Oggi i turesi della zona preferiscono fare un po&#8217; di strada in pi\u00f9 per tutte queste attivit\u00e0, e non hanno tutti i torti. Largo Pozzi \u00e8 oggi in completo stato d&#8217;abbandono. Manto stradale rotto, marciapiedi distrutti, panchine arrugginite, bocchettoni per lo scarico dell&#8217;acqua (misteriosamente) chiusi. \u00abLa situazione \u00e8 diventata insostenibile\u00bb lamenta un portavoce dei residenti della zona. \u00abDal 2001 una forte alluvione ha contribuito a distruggere le strade ed i marciapiedi gi\u00e0 usurati. Nel 2004 poi, il Comune ha chiuso alcuni bocchettoni per lo scarico dell&#8217;acqua e la situazione quando piove \u00e8 diventata intollerabile.<\/p>\n<p style=\"text-align: justify;\">La situazione fu denunciata dai turesi e fu avviata una procedura legale ma ancora non abbiamo avuto risposte. Intanto noi residenti abbiamo provveduto ad aprire alcuni di questi bocchettoni, ricorrendo a un disperato &#8220;fai da te&#8221;\u00bb. I residenti raccontano infatti di come, quando piove, tutto l&#8217;enorme spiazzo si allaghi: \u00abL&#8217;acqua arriva a raggiungere la profondit\u00e0 di tre, quattro centimetri e diventa impossibile attraversare!\u00bb Poich\u00e9 la situazione \u00e8 grave, molti residenti si sono pi\u00f9 volte rivolti al Comune; ma le giuste lamentele dei turesi, per la verit\u00e0 mai messe per iscritto, sono cadute nel vuoto. Le buche, le radici che escono dal marciapiede, le panchine malridotte hanno ovviamente portato delle conseguenze negative per le attivit\u00e0 commerciali della zona.\u00abPrima che la situazione degenerasse, c&#8217;era pi\u00f9 movimento, pi\u00f9 passeggio. Ora la zone sembra essere diventata esclusivamente il luogo dove i turesi portano a passeggio i cani\u00bb.<\/p>\n<p style=\"text-align: justify;\">Un&#8217;altra problematica che viene portata all&#8217;attenzione \u00e8 che la zona, durante il periodo della raccolta delle ciliege, \u00e8 diventata, proprio da quando esiste questa situazione di degrado, il posto privilegiato per far campeggiare le persone extracomunitarie che stagionalmente raccolgono le ciliege. Raccontano i residenti: \u00abTra maggio e giugno nel piazzale se ne vedono di tutti i colori: persone nude che si lavano alla fontana, chiasso, risse. Abbiamo pi\u00f9 volte segnalato questa cosa alla Polizia Municipale ma anche in questo caso&#8230;solo parole\u00bb. Non per ultima c&#8217;\u00e8 la problematica del mercato: in Largo Pozzi infatti si svolge il mercato settimanale; la presenza davvero copiosa di buche non rende certo facile le compere del venerd\u00ec mattina, sopratutto per anziani, disabili e donne con passeggini; inoltre con la bella stagione non puoi certo venire al mercato con scarpe antinfortunistica! Mi raccontano infatti che una donna due anni fa si \u00e8 fatta davvero male, cadendo a causa di queste buche ed ha ottenuto un risarcimento di 14 mila euro. Commentano i residenti:\u00abCon quei soldi avremmo potuto quantomeno aggiustare le buche per la strada!\u00bb. Insomma la situazione \u00e8 critica ed \u00e8 sotto gli occhi di tutti. Sollecitiamo pertanto una risposta da parte delle autorit\u00e0 affinch\u00e9 pongano rimedio e riqualifichino una zona che, a fronte della recente ristrutturazione e riqualificazione urbana del centro storico di Turi, sembrerebbe essere stata &#8220;ghettizzata&#8221;. Vogliamo pertanto che venga data dignit\u00e0 anche alle zone pi\u00f9 periferiche!<\/p>\n","protected":false},"excerpt":{"rendered":"<p><img loading=\"lazy\" decoding=\"async\" src=\"https:\/\/c2.staticflickr.com\/6\/5342\/17816281532_80a47cc885_n.jpg\" alt=\"LARGO POZZI 3\" height=\"213\" width=\"320\" \/><\/p>\n","protected":false},"author":1,"featured_media":0,"comment_status":"open","ping_status":"closed","sticky":false,"template":"","format":"standard","meta":{"colormag_page_container_layout":"default_layout","colormag_page_sidebar_layout":"default_layout","footnotes":""},"categories":[7],"tags":[],"class_list":["post-13073","post","type-post","status-publish","format-standard","hentry","category-attualita"],"_links":{"self":[{"href":"https:\/\/archivioturi.lavocedelpaese.info\/index.php\/wp-json\/wp\/v2\/posts\/13073","targetHints":{"allow":["GET"]}}],"collection":[{"href":"https:\/\/archivioturi.lavocedelpaese.info\/index.php\/wp-json\/wp\/v2\/posts"}],"about":[{"href":"https:\/\/archivioturi.lavocedelpaese.info\/index.php\/wp-json\/wp\/v2\/types\/post"}],"author":[{"embeddable":true,"href":"https:\/\/archivioturi.lavocedelpaese.info\/index.php\/wp-json\/wp\/v2\/users\/1"}],"replies":[{"embeddable":true,"href":"https:\/\/archivioturi.lavocedelpaese.info\/index.php\/wp-json\/wp\/v2\/comments?post=13073"}],"version-history":[{"count":0,"href":"https:\/\/archivioturi.lavocedelpaese.info\/index.php\/wp-json\/wp\/v2\/posts\/13073\/revisions"}],"wp:attachment":[{"href":"https:\/\/archivioturi.lavocedelpaese.info\/index.php\/wp-json\/wp\/v2\/media?parent=13073"}],"wp:term":[{"taxonomy":"category","embeddable":true,"href":"https:\/\/archivioturi.lavocedelpaese.info\/index.php\/wp-json\/wp\/v2\/categories?post=13073"},{"taxonomy":"post_tag","embeddable":true,"href":"https:\/\/archivioturi.lavocedelpaese.info\/index.php\/wp-json\/wp\/v2\/tags?post=13073"}],"curies":[{"name":"wp","href":"https:\/\/api.w.org\/{rel}","templated":true}]}}