{"id":13047,"date":"2015-05-12T05:12:35","date_gmt":"2015-05-12T05:12:35","guid":{"rendered":"https:\/\/archivioturi.lavocedelpaese.info\/index.php\/2015\/05\/12\/berlusconi-sara-a-bari-dopo-il-10-maggio\/"},"modified":"2015-05-12T05:12:35","modified_gmt":"2015-05-12T05:12:35","slug":"berlusconi-sara-a-bari-dopo-il-10-maggio","status":"publish","type":"post","link":"https:\/\/archivioturi.lavocedelpaese.info\/index.php\/2015\/05\/12\/berlusconi-sara-a-bari-dopo-il-10-maggio\/","title":{"rendered":"Berlusconi sar\u00e0 a Bari dopo il 10 maggio!"},"content":{"rendered":"<p><img loading=\"lazy\" decoding=\"async\" src=\"https:\/\/c2.staticflickr.com\/6\/5349\/16891780874_2a7993dd66_n.jpg\" alt=\"L'on. Gino Vitali\" height=\"172\" width=\"320\" \/><\/p>\n<p style=\"text-align: justify;\" class=\"western\" align=\"justify\">\u201cEmiliano vuole vincere, noi vogliamo governare. Questa \u00e8 la differenza\u201d. L\u2019on. Luigi Vitali, accompagnato dal candidato consigliere regionale <a href=\"https:\/\/www.facebook.com\/umberto.dettorey\">Umberto Passaquindici detto Rey<\/a> (con Poli Bortone presidente), ha rilasciato un\u2019intervista esclusiva al network \u201cLa Voce del Paese\u201d annunciando uno scoop: \u201cBerlusconi sar\u00e0 a Bari dopo il 10 maggio!\u201d.<\/p>\n<p style=\"text-align: justify;\" class=\"western\" align=\"justify\">L\u2019uomo mandato da Berlusconi in Puglia per risolvere il caso Fitto e riprendere in mano i territori conquistati dai \u201crivoltosi\u201d, ha una missione da compiere: \u201cSono alla ricerca di nuovi talenti politici \u2013 rivela Vitali \u2013 Il mio \u00e8 un progetto di riconversione di Forza Italia e del centro-destra che verr\u00e0. Puntiamo su giovani e donne, sulla vera militanza, non su chi sta alla finestra per poi salire sul carro vincente. Questi ultimi sono gi\u00e0 fuori\u201d.<\/p>\n<p style=\"text-align: justify;\" class=\"western\" align=\"justify\"><strong>Onorevole, ha visto che armata vi ritroverete contro\u2026<\/strong><\/p>\n<p style=\"text-align: justify;\" class=\"western\" align=\"justify\">\u201cCerto. Ma c\u2019\u00e8 una differenza tra noi e Michele Emiliano. Lui vuole vincere, noi vogliamo governare. O meglio, Emiliano ha paura di perdere, per questo sta \u201cacquistando\u201d dall\u2019estrema destra all\u2019estrema sinistra. A noi non interessa l\u2019ampiezza della coalizione, ma la qualit\u00e0 delle persone che si pongono al servizio dei pugliesi. Questo dato dovrebbe essere premiato. Nella coalizione di Emiliano c\u2019\u00e8 gente che viene addirittura dal Movimento Sociale Italiano, e se non prova disagio Emiliano, credo che provino disagio gli elettori di centrosinistra. Ma i pugliesi devono porsi altri interrogativi\u2026\u201d.<\/p>\n<p style=\"text-align: justify;\" class=\"western\" align=\"justify\"><strong>Quali?<\/strong><\/p>\n<p style=\"text-align: justify;\" class=\"western\" align=\"justify\">\u201cSe negli ultimi dieci anni di Vendola la loro qualit\u00e0 di vita sia migliorato o meno. Si stava meglio ieri oppure oggi? La disoccupazione \u00e8 una piaga nazionale e buttiamo la colpa al governo centrale. Ma la sanit\u00e0 \u00e8 stata un disastro. Le liste d\u2019attesa dovevano essere eliminate, invece sono aumentate. La mobilit\u00e0 passiva non \u00e8 stata recuperata. Gli ospedali sono stati lasciati come cattedrali nel deserto con medici che non prestano servizio. Hanno indebolito i presidi che andavano potenziati. C\u2019\u00e8 una polveriera tra Taranto, Brindisi e Lecce: il triangolo dei veleni con la centrale a carbone pi\u00f9 grande a Brindisi e l\u2019Ilva a Taranto, a proposito della quale Vendola ha pressato i responsabili del dipartimento dell\u2019Arpa per essere benevoli nei confronti di Riva e su questo c\u2019\u00e8 tuttora un procedimento in corso. Quindi la sanit\u00e0 \u00e8 fallita. L\u2019ambiente \u00e8 fallito. La formazione professionale \u00e8 fallita\u201d.<\/p>\n<p style=\"text-align: justify;\" class=\"western\" align=\"justify\"><strong>Beh il turismo si salva\u2026<\/strong><\/p>\n<p style=\"text-align: justify;\" class=\"western\" align=\"justify\">\u201cMacch\u00e9, solo ad agosto o nei mesi estivi. La verit\u00e0 \u00e8 che siamo stati superati dalla Spagna. Il turismo non pu\u00f2 funzionare solo d\u2019estate, bisogna destagionalizzare. Perch\u00e9 non puntare al mercato del Nord Europa, dove ci sono turisti disposti a spendere tanti soldi in Puglia? Con Vendola non ci sono state iniziative a riguardo: quando qualche imprenditore intendeva investire, la Barbanente lo bloccava\u201d.<\/p>\n<p style=\"text-align: justify;\" class=\"western\" align=\"justify\"><strong>Ma anche con il vostro ormai avversario Fitto le cose non andavano meglio\u2026<\/strong><\/p>\n<p style=\"text-align: justify;\" class=\"western\" align=\"justify\">\u201cNo. Grazie all\u2019intuizione del governo Fitto, vecchi casolari e masserie furono converte in spa, relais, strutture di prestigio, grazie al sapiente utilizzo di fondi europei. Io penso che stiamo peggio di dieci anni fa. Per sanare il buco enorme della sanit\u00e0 paghiamo le tasse regionali pi\u00f9 alte d\u2019Italia. Tutto sulla pelle dei pugliesi. Oggi Emiliano cerca di prendere le distanze da Vendola, eppure Michi e Nichi finora hanno cinguettato e amoreggiato\u201d.<\/p>\n<p style=\"text-align: justify;\" class=\"western\" align=\"justify\"><strong>Come si fa a proporre Salvini in Puglia?<\/strong><\/p>\n<p style=\"text-align: justify;\" class=\"western\" align=\"justify\">\u201cNon \u00e8 difficile, Salvini non \u00e8 la Lega che grida Roma ladrona, ma \u00e8 la lega che scende nel mezzogiorno per nazionalizzarsi, per contarsi. Guarda caso \u201cNoi Salvini\u201d aderisce a Poli Bortone fondatrice di \u201cIo Sud\u201d.<\/p>\n<p style=\"text-align: justify;\" class=\"western\" align=\"justify\"><strong>E se Emiliano vincesse, di chi sarebbe la colpa?<\/strong><\/p>\n<p style=\"text-align: justify;\" class=\"western\" align=\"justify\">\u201cDei pugliesi. Io mi domanderei piuttosto di chi \u00e8 la colpa di un centrodestra diviso\u201d.<\/p>\n<p style=\"text-align: justify;\" class=\"western\" align=\"justify\"><strong>Appunto, per colpa di chi?<\/strong><\/p>\n<p style=\"text-align: justify;\" class=\"western\" align=\"justify\">\u201cDi Schittulli in prima battuta, e di Fitto che lo ha armato contro Berlusconi\u201d.<\/p>\n<p style=\"text-align: justify;\" class=\"western\" align=\"justify\"><strong>Che dice Berlusconi?<\/strong><\/p>\n<p style=\"text-align: justify;\" class=\"western\" align=\"justify\">\u201c\u00c8 amareggiato e schifato. Devo dire che le ultime notizie lo hanno tranquillizzato, perch\u00e9 Fitto ha rinunciato a un\u2019azione legale e n\u2019\u00e8 andato senza che fosse mandato. Lui \u00e8 il peggio della Prima Repubblica, dalla quale proviene\u201d.<\/p>\n<p style=\"text-align: justify;\" class=\"western\" align=\"justify\"><strong>Berlusconi cosa pensa di Schittulli?<\/strong><\/p>\n<p style=\"text-align: justify;\" class=\"western\" align=\"justify\">\u201cNon lo riteneva in grado di affrontare il ciclone regionale. Lo vedeva moscio, impacciato. Anche la Poli Bortone non era l\u2019ideale, ma era l\u2019unica persona che dava credibilit\u00e0 al centro-destra. La verit\u00e0 \u00e8 che a Berlusconi non piace essere adulato, quindi di Fitto gli ha dato fastidio il fatto di aver portato in piazza questioni interne al partito e di aver sfruttato l\u2019avversit\u00e0 dell\u2019informazione per guadagnarsi visibilit\u00e0 e prime pagine sui giornali\u201d.<\/p>\n<p style=\"text-align: justify;\" class=\"western\" align=\"justify\"><strong>L\u2019Italicum \u00e8 stato approvato. Che significa?<\/strong><\/p>\n<p style=\"text-align: justify;\" class=\"western\" align=\"justify\">\u201cChe a ottobre si vota\u201d.<\/p>\n<p style=\"text-align: justify;\" class=\"western\" align=\"justify\">Ma nessuno vuole andarsene\u2026<\/p>\n<p style=\"text-align: justify;\" class=\"western\" align=\"justify\">\u201cNessuno tranne Renzi, che alzer\u00e0 l\u2019asticella sempre pi\u00f9 in alto finch\u00e9 provocher\u00e0 l\u2019incidente di percorso, prender\u00e0 il pallone e scapper\u00e0 via per andare al voto. Anche perch\u00e9 nel 2016 la sua popolarit\u00e0 potrebbe calare e non \u00e8 detto che sia lui il candidato. Renzi \u00e8 un cinico calcolatore e lo ha dimostrato per come ha intortato Berlusconi\u201d.<\/p>\n","protected":false},"excerpt":{"rendered":"<p><img loading=\"lazy\" decoding=\"async\" src=\"https:\/\/c2.staticflickr.com\/6\/5349\/16891780874_2a7993dd66_n.jpg\" alt=\"L'on. Gino Vitali\" height=\"172\" width=\"320\" \/><\/p>\n","protected":false},"author":1,"featured_media":0,"comment_status":"open","ping_status":"closed","sticky":false,"template":"","format":"standard","meta":{"colormag_page_container_layout":"default_layout","colormag_page_sidebar_layout":"default_layout","footnotes":""},"categories":[4],"tags":[],"class_list":["post-13047","post","type-post","status-publish","format-standard","hentry","category-politica"],"_links":{"self":[{"href":"https:\/\/archivioturi.lavocedelpaese.info\/index.php\/wp-json\/wp\/v2\/posts\/13047","targetHints":{"allow":["GET"]}}],"collection":[{"href":"https:\/\/archivioturi.lavocedelpaese.info\/index.php\/wp-json\/wp\/v2\/posts"}],"about":[{"href":"https:\/\/archivioturi.lavocedelpaese.info\/index.php\/wp-json\/wp\/v2\/types\/post"}],"author":[{"embeddable":true,"href":"https:\/\/archivioturi.lavocedelpaese.info\/index.php\/wp-json\/wp\/v2\/users\/1"}],"replies":[{"embeddable":true,"href":"https:\/\/archivioturi.lavocedelpaese.info\/index.php\/wp-json\/wp\/v2\/comments?post=13047"}],"version-history":[{"count":0,"href":"https:\/\/archivioturi.lavocedelpaese.info\/index.php\/wp-json\/wp\/v2\/posts\/13047\/revisions"}],"wp:attachment":[{"href":"https:\/\/archivioturi.lavocedelpaese.info\/index.php\/wp-json\/wp\/v2\/media?parent=13047"}],"wp:term":[{"taxonomy":"category","embeddable":true,"href":"https:\/\/archivioturi.lavocedelpaese.info\/index.php\/wp-json\/wp\/v2\/categories?post=13047"},{"taxonomy":"post_tag","embeddable":true,"href":"https:\/\/archivioturi.lavocedelpaese.info\/index.php\/wp-json\/wp\/v2\/tags?post=13047"}],"curies":[{"name":"wp","href":"https:\/\/api.w.org\/{rel}","templated":true}]}}