{"id":13046,"date":"2015-05-12T17:13:19","date_gmt":"2015-05-12T17:13:19","guid":{"rendered":"https:\/\/archivioturi.lavocedelpaese.info\/index.php\/2015\/05\/12\/arriva-tardi-al-partito-democratico\/"},"modified":"2015-05-12T17:13:19","modified_gmt":"2015-05-12T17:13:19","slug":"arriva-tardi-al-partito-democratico","status":"publish","type":"post","link":"https:\/\/archivioturi.lavocedelpaese.info\/index.php\/2015\/05\/12\/arriva-tardi-al-partito-democratico\/","title":{"rendered":"Arriva Tardi al Partito Democratico"},"content":{"rendered":"<p><img loading=\"lazy\" decoding=\"async\" src=\"https:\/\/c2.staticflickr.com\/8\/7555\/15192597583_781d731db2_m.jpg\" alt=\"Giuseppe Tardi\" height=\"240\" width=\"199\" \/><\/p>\n<p style=\"text-align: justify;\">Un \u201cfatto naturale\u201d, un processo fisiologico, quello che ha portato l\u2019attuale assessore al Bilancio Giuseppe Tardi a confluire tra le fila del circolo turese del Partito Democratico. Una scelta maturata da tempo, dichiarata apertamente circa una settimana fa ai colleghi di maggioranza e resa pubblica da un comunicato stampa del segretario locale Giuseppe Gravinese.&nbsp; \u201cIl mio entrare nel PD \u00e8 un fatto naturale, \u00e8 un avvicinarsi a persone che mi hanno sostenuto durante la campagna elettorale. \u00c8&nbsp; la condivisione di un progetto che avevamo in mente quando \u00e8 stata prospettata la mia candidatura\u201d all\u2019interno di Impegno Comune per Turi: sono state queste le motivazioni che l\u2019Assessore ci ha dato in merito.<br \/>Una decisione che arriva a ridosso della campagna elettorale per eleggere il nuovo Presidente della Regione Puglia e tutto il suo entourage: a riguardo Tardi precisa che si \u00e8 trattata di una \u201ccoincidenza\u201d: \u201cSarei dovuto entrare prima \u2013 spiega \u2013&nbsp; Abbiamo aspettato anche perch\u00e9 volevamo attendere la riapertura del tesseramento per dare la notizia, per\u00f2 il tesseramento attualmente sembra essere fermo quindi ho pensato di fare almeno la dichiarazione di avvicinamento\u201d.<br \/>L\u2019Assessore si prepara intanto ad incontrare i turesi oggi pomeriggio, presso il Centro Culturale Polivalente per tenere la consueta conferenza cittadini sul rendiconto di gestione dell\u2019esercizio finanziario 2014: \u201cParler\u00f2 del rendiconto\u201d, \u201cdettaglier\u00f2 come si \u00e8 arrivati all\u2019avanzo di Amministrazione\u201d, \u201cdettaglier\u00f2 come l\u2019Amministrazione pensa di utilizzare i residui in linea con l\u2019art. 187 del Testo Unico degli Enti locali\u201d. \u201cDir\u00f2 che il patto di stabilit\u00e0 \u00e8 stato rispettato in pieno. Abbiamo ampiamente superato il limite dei 411 mila euro che ci erano stati imposti dal Governo per il 2014\u201d.<\/p>\n","protected":false},"excerpt":{"rendered":"<p><img loading=\"lazy\" decoding=\"async\" src=\"https:\/\/c2.staticflickr.com\/8\/7555\/15192597583_781d731db2_m.jpg\" alt=\"Giuseppe Tardi\" height=\"240\" width=\"199\" \/><\/p>\n","protected":false},"author":1,"featured_media":0,"comment_status":"open","ping_status":"closed","sticky":false,"template":"","format":"standard","meta":{"colormag_page_container_layout":"default_layout","colormag_page_sidebar_layout":"default_layout","footnotes":""},"categories":[4],"tags":[],"class_list":["post-13046","post","type-post","status-publish","format-standard","hentry","category-politica"],"_links":{"self":[{"href":"https:\/\/archivioturi.lavocedelpaese.info\/index.php\/wp-json\/wp\/v2\/posts\/13046","targetHints":{"allow":["GET"]}}],"collection":[{"href":"https:\/\/archivioturi.lavocedelpaese.info\/index.php\/wp-json\/wp\/v2\/posts"}],"about":[{"href":"https:\/\/archivioturi.lavocedelpaese.info\/index.php\/wp-json\/wp\/v2\/types\/post"}],"author":[{"embeddable":true,"href":"https:\/\/archivioturi.lavocedelpaese.info\/index.php\/wp-json\/wp\/v2\/users\/1"}],"replies":[{"embeddable":true,"href":"https:\/\/archivioturi.lavocedelpaese.info\/index.php\/wp-json\/wp\/v2\/comments?post=13046"}],"version-history":[{"count":0,"href":"https:\/\/archivioturi.lavocedelpaese.info\/index.php\/wp-json\/wp\/v2\/posts\/13046\/revisions"}],"wp:attachment":[{"href":"https:\/\/archivioturi.lavocedelpaese.info\/index.php\/wp-json\/wp\/v2\/media?parent=13046"}],"wp:term":[{"taxonomy":"category","embeddable":true,"href":"https:\/\/archivioturi.lavocedelpaese.info\/index.php\/wp-json\/wp\/v2\/categories?post=13046"},{"taxonomy":"post_tag","embeddable":true,"href":"https:\/\/archivioturi.lavocedelpaese.info\/index.php\/wp-json\/wp\/v2\/tags?post=13046"}],"curies":[{"name":"wp","href":"https:\/\/api.w.org\/{rel}","templated":true}]}}