{"id":1304,"date":"2010-01-23T21:13:24","date_gmt":"2010-01-23T21:13:24","guid":{"rendered":"https:\/\/archivioturi.lavocedelpaese.info\/index.php\/2010\/01\/23\/logo-tutto-turese-sulle-magliette-dellasdpte-dellasdp-turi\/"},"modified":"2010-01-23T21:13:24","modified_gmt":"2010-01-23T21:13:24","slug":"logo-tutto-turese-sulle-magliette-dellasdpte-dellasdp-turi","status":"publish","type":"post","link":"https:\/\/archivioturi.lavocedelpaese.info\/index.php\/2010\/01\/23\/logo-tutto-turese-sulle-magliette-dellasdpte-dellasdp-turi\/","title":{"rendered":"LOGO TUTTO TURESE SULLE MAGLIETTE DELL&#8217;ASDP"},"content":{"rendered":"<p style=\"text-align: justify;\"><img loading=\"lazy\" decoding=\"async\" class=\" size-full wp-image-1301\" alt=\"logo\" src=\"https:\/\/archivioturi.lavocedelpaese.info\/wp-content\/uploads\/2010\/01\/logo.jpg\" height=\"150\" width=\"320\" srcset=\"https:\/\/archivioturi.lavocedelpaese.info\/wp-content\/uploads\/2010\/01\/logo.jpg 640w, https:\/\/archivioturi.lavocedelpaese.info\/wp-content\/uploads\/2010\/01\/logo-300x141.jpg 300w\" sizes=\"auto, (max-width: 320px) 100vw, 320px\" \/><\/p>\n<p style=\"text-align: justify;\"><span style=\"font-size: 10pt;\"><span style=\"font-family: verdana,geneva;\">L\u2019ASdP Turi, militante nella categoria B1 di pallavolo, ha chiesto il 2 ottobre di poter applicare sulle magliette degli atleti il logo \u201cComune di Turi \u2013 Citt\u00e0 della Ciliegia Ferrovia\u201d.<\/span><\/span><span style=\"font-size: 10pt;\"><span style=\"font-family: verdana,geneva;\"> <\/span><\/span><\/p>\n<div style=\"text-align: justify;\"><\/div>\n<p style=\"text-align: justify;\"><span style=\"font-size: 10pt;\"><span style=\"font-family: verdana,geneva;\">La concessione \u00e8 stata subito rilasciata dalla Giunta comunale che ha voluto condividere i valori sempre pi\u00f9 attuali dello sport che rafforzano il senso civico di ogni comunit\u00e0.<\/span><\/span><\/p>\n<div style=\"text-align: justify;\"><\/div>\n<div style=\"text-align: justify;\"><\/div>\n<p style=\"text-align: justify;\"><span style=\"font-size: 10pt;\"><span style=\"font-family: verdana,geneva;\">E poi, si sa, lo <strong>sport del paese, qui a Turi, \u00e8 la pallavolo<\/strong>, con i suoi 500 tifosi circa, e l&#8217;Amministrazione ha voluto attestare la propria simbolica adesione all\u2019attivit\u00e0 sportiva della squadra locale di pallavolo, meritevole di apprezzamento per i risultati fin qui conseguiti.<\/span><\/span><\/p>\n<div style=\"text-align: justify;\"><\/div>\n<div style=\"text-align: justify;\"><\/div>\n<p style=\"text-align: justify;\"><span style=\"font-size: 10pt;\"><span style=\"font-family: verdana,geneva;\">Con la delibera di giunta dello scorso 15 ottobre avveniva l&#8217;ufficialit\u00e0 della concessione, ma solo nel giorno della partita contro il Potenza, finita 3-2 per il Turi, il 23 gennaio, la squadra locale ha indossato per la prima volta le magliette con il nuovo logo raffigurante <strong>due ciliegie legate da due peduncoli a forma di cuore<\/strong>.<\/span><\/span><span style=\"font-size: 10pt;\"><span style=\"font-family: verdana,geneva;\"> <\/span><\/span><\/p>\n<p style=\"text-align: center;\"><img loading=\"lazy\" decoding=\"async\" class=\" size-full wp-image-1302\" alt=\"IMG_5497logo\" src=\"https:\/\/archivioturi.lavocedelpaese.info\/wp-content\/uploads\/2010\/01\/IMG_5497logo.jpg\" height=\"400\" width=\"600\" srcset=\"https:\/\/archivioturi.lavocedelpaese.info\/wp-content\/uploads\/2010\/01\/IMG_5497logo.jpg 640w, https:\/\/archivioturi.lavocedelpaese.info\/wp-content\/uploads\/2010\/01\/IMG_5497logo-300x200.jpg 300w\" sizes=\"auto, (max-width: 600px) 100vw, 600px\" \/><\/p>\n<div style=\"text-align: justify;\"><\/div>\n<div style=\"text-align: justify;\"><\/div>\n<p style=\"text-align: justify;\"><span style=\"font-size: 10pt;\"><span style=\"font-family: verdana,geneva;\">Per ricordare l&#8217;avvenimento, a mo&#8217; di battesimo per le nuove divise, ad inizio gara, la squadra, insieme al sindaco, dott. Vincenzo Gigantelli, il titolare dell&#8217;azienda sponsor ufficiale della ASP, dott. Michele Boccardi, alla dirigenza e allo staff tecnico, ha posato per una foto ricordo.<\/span><\/span><span style=\"font-size: 10pt;\"><span style=\"font-family: verdana,geneva;\"> <\/span><\/span><\/p>\n<p style=\"text-align: center;\"><img loading=\"lazy\" decoding=\"async\" class=\" size-full wp-image-1303\" style=\"margin: 10px;\" alt=\"IMG_5516logo\" src=\"https:\/\/archivioturi.lavocedelpaese.info\/wp-content\/uploads\/2010\/01\/IMG_5516logo.jpg\" height=\"427\" width=\"640\" srcset=\"https:\/\/archivioturi.lavocedelpaese.info\/wp-content\/uploads\/2010\/01\/IMG_5516logo.jpg 700w, https:\/\/archivioturi.lavocedelpaese.info\/wp-content\/uploads\/2010\/01\/IMG_5516logo-300x200.jpg 300w\" sizes=\"auto, (max-width: 640px) 100vw, 640px\" \/><\/p>\n<div style=\"text-align: justify;\"><\/div>\n<div style=\"text-align: justify;\"><\/div>\n<p style=\"text-align: justify;\"><span style=\"font-size: 10pt;\"><span style=\"font-family: verdana,geneva;\">Speriamo che il nuovo logo porti sempre pi\u00f9 in alto il nome di Turi e \u2026porti bene alla squadra.<\/span><\/span><\/p>\n","protected":false},"excerpt":{"rendered":"<p style=\"text-align: justify;\"><img loading=\"lazy\" decoding=\"async\" class=\" size-full wp-image-1301\" alt=\"logo\" src=\"https:\/\/archivioturi.lavocedelpaese.info\/wp-content\/uploads\/2010\/01\/logo.jpg\" height=\"150\" width=\"320\" srcset=\"https:\/\/archivioturi.lavocedelpaese.info\/wp-content\/uploads\/2010\/01\/logo.jpg 640w, https:\/\/archivioturi.lavocedelpaese.info\/wp-content\/uploads\/2010\/01\/logo-300x141.jpg 300w\" sizes=\"auto, (max-width: 320px) 100vw, 320px\" \/><\/p>\n","protected":false},"author":1,"featured_media":1301,"comment_status":"open","ping_status":"closed","sticky":false,"template":"","format":"standard","meta":{"colormag_page_container_layout":"default_layout","colormag_page_sidebar_layout":"default_layout","footnotes":""},"categories":[7],"tags":[],"class_list":["post-1304","post","type-post","status-publish","format-standard","has-post-thumbnail","hentry","category-attualita"],"_links":{"self":[{"href":"https:\/\/archivioturi.lavocedelpaese.info\/index.php\/wp-json\/wp\/v2\/posts\/1304","targetHints":{"allow":["GET"]}}],"collection":[{"href":"https:\/\/archivioturi.lavocedelpaese.info\/index.php\/wp-json\/wp\/v2\/posts"}],"about":[{"href":"https:\/\/archivioturi.lavocedelpaese.info\/index.php\/wp-json\/wp\/v2\/types\/post"}],"author":[{"embeddable":true,"href":"https:\/\/archivioturi.lavocedelpaese.info\/index.php\/wp-json\/wp\/v2\/users\/1"}],"replies":[{"embeddable":true,"href":"https:\/\/archivioturi.lavocedelpaese.info\/index.php\/wp-json\/wp\/v2\/comments?post=1304"}],"version-history":[{"count":0,"href":"https:\/\/archivioturi.lavocedelpaese.info\/index.php\/wp-json\/wp\/v2\/posts\/1304\/revisions"}],"wp:featuredmedia":[{"embeddable":true,"href":"https:\/\/archivioturi.lavocedelpaese.info\/index.php\/wp-json\/wp\/v2\/media\/1301"}],"wp:attachment":[{"href":"https:\/\/archivioturi.lavocedelpaese.info\/index.php\/wp-json\/wp\/v2\/media?parent=1304"}],"wp:term":[{"taxonomy":"category","embeddable":true,"href":"https:\/\/archivioturi.lavocedelpaese.info\/index.php\/wp-json\/wp\/v2\/categories?post=1304"},{"taxonomy":"post_tag","embeddable":true,"href":"https:\/\/archivioturi.lavocedelpaese.info\/index.php\/wp-json\/wp\/v2\/tags?post=1304"}],"curies":[{"name":"wp","href":"https:\/\/api.w.org\/{rel}","templated":true}]}}