{"id":13019,"date":"2015-05-04T13:50:02","date_gmt":"2015-05-04T13:50:02","guid":{"rendered":"https:\/\/archivioturi.lavocedelpaese.info\/index.php\/2015\/05\/04\/inaugurata-la-mostra-di-qdevozione-domesticaq\/"},"modified":"2015-05-04T13:50:02","modified_gmt":"2015-05-04T13:50:02","slug":"inaugurata-la-mostra-di-qdevozione-domesticaq","status":"publish","type":"post","link":"https:\/\/archivioturi.lavocedelpaese.info\/index.php\/2015\/05\/04\/inaugurata-la-mostra-di-qdevozione-domesticaq\/","title":{"rendered":"Inaugurata la mostra di &#8220;Devozione Domestica&#8221;"},"content":{"rendered":"<p><img loading=\"lazy\" decoding=\"async\" src=\"https:\/\/farm8.staticflickr.com\/7708\/17181539089_3e021af357_n.jpg\" alt=\"Antonello Palmisano espone le motivazioni della mostra\" height=\"180\" width=\"320\" \/><\/p>\n<p style=\"text-align: justify;\">Dodici teche, che racchiudono 95 statuette votive. Sono i numeri della prima mostra di &#8220;Devozione Domestica&#8221; inaugurata nella serata di marted\u00ec 28 aprile, presso la Chiesa di Sant&#8217;Oronzo di Turi, alla presenza di un ristrettissimo numero di persone. La mostra, che sar\u00e0 aperta dal venerd\u00ec alla domenica, dal 28 aprile al 28 giugno, dalle 15.00 alle 20.00, \u00e8 promossa dalla Regione Puglia e dal Comune di Turi e rientra nel macro progetto Sac \u201cEcomuseo di Peucetia\u201d. Il progetto, come \u00e8 stato esposto durante la serata, \u00e8 finanziato con fondi europei nell\u2019ambito della tutela e valorizzazione del patrimonio culturale e vedr\u00e0 il coinvolgimento anche delle Scuole turesi e dei paesi limitrofi, con l\u2019intento di sollecitare interesse non solo per l\u2019esposizione in s\u00e9 ma anche per far conoscere il luogo stesso, importante l&#8217;aspetto storico-architettonico-antropologico. \u201cNon vi \u00e8 stata occasione migliore \u2013 ha ribadito l&#8217;Assessore del Comune di Turi, Giusy Caldararo \u2013 di far conoscere ai bambini un patrimonio storico come quello conservato nella Grotta di Sant&#8217;Oronzo\u201d. Ha sottolineato come poi il progetto del Sac permetter\u00e0 anche l&#8217;apprendimento della storia locale e della storia dei paesi limitrofi, attraverso i diversi laboratori che verranno realizzati e che accompagneranno le scolaresche alla comprensione di alcune ricchezza storiche cittadine dei paesi aderenti al SAC. Assieme alla Grotta di Sant&#8217;Oronzo e la Chiesa stessa, per le quali il Sindaco di Turi, Domenico Coppi e l&#8217;Assessore Caldararo hanno espresso grande riconoscenza all&#8217;Associazione Nazionale Bersaglieri \u201cA. Pedrizzi\u201d di Turi, saranno oggetto di interesse i comuni di Sammichele, Casamassima, Sammichele di Bari, Acquaviva delle Fonti e Gioia del Colle, comune capofila. <br \/>Ma come nasce \u201cDevozione Domestica\u201d? La mostra prende il via dalla ricerca e dalla costante attenzione del ceramista di Grottaglie, Mimmo Vestita che ha raccolto 95 statuette in terracotta ognuna raffigurante un santo e realizzate tra la fine dell\u2019Ottocento e la prima met\u00e0 del Novecento. Chi sono questi santi? Da dove nasce la loro devozione? A raccontarlo, i quick code presenti su ogni teca che permettono di approfondire la conoscenza di alcune sculture sacre esposte.<br \/>Un percorso espositivo che racconta l\u2019intimo rapporto tra l\u2019uomo e il sacro, spesso collocate nelle nicchie in tufo ricavate nelle mura domestiche, adornate da fiori e candele. Le opere venivano realizzate a mano e dipinte a freddo dai ceramisti grottagliesi nelle loro case private, vendute poi in occasione delle feste patronali nei paesi di tutta la Puglia\u201d &#8211; ha confermato Vestita.<br \/>Miniature di santi e protettori, di cui sono stati riprodotto fedelmente anche abiti e ornamenti, conservate in casa, nell&#8217;ambiente domestico e a cui si chiedeva aiuto o soccorso per superare momenti difficili di vita familiare \u2013 come ha raccontato il giornalista Francesco Di Palo, giornalista e autore di numerosi saggi e monografie, tra cui \u201cSacralit\u00e0 domestica, Santi in terracotta tra ottocento e novecento\u201d.<\/p>\n<p><object height=\"480\" width=\"640\"><param name=\"flashvars\" value=\"offsite=true&amp;lang=it-it&amp;page_show_url=%2Fphotos%2F91470992%40N02%2Fsets%2F72157651897870647%2Fshow%2F&amp;page_show_back_url=%2Fphotos%2F91470992%40N02%2Fsets%2F72157651897870647%2F&amp;set_id=72157651897870647&amp;jump_to=\" \/><param name=\"movie\" value=\"https:\/\/www.flickr.com\/apps\/slideshow\/show.swf?v=1811922554\" \/><param name=\"allowFullScreen\" value=\"true\" \/><embed type=\"application\/x-shockwave-flash\" src=\"https:\/\/www.flickr.com\/apps\/slideshow\/show.swf?v=1811922554\" allowfullscreen=\"true\" flashvars=\"offsite=true&amp;lang=it-it&amp;page_show_url=%2Fphotos%2F91470992%40N02%2Fsets%2F72157651897870647%2Fshow%2F&amp;page_show_back_url=%2Fphotos%2F91470992%40N02%2Fsets%2F72157651897870647%2F&amp;set_id=72157651897870647&amp;jump_to=\" height=\"480\" width=\"640\" \/><\/object><\/p>\n","protected":false},"excerpt":{"rendered":"<p><img loading=\"lazy\" decoding=\"async\" src=\"https:\/\/farm8.staticflickr.com\/7708\/17181539089_3e021af357_n.jpg\" alt=\"Antonello Palmisano espone le motivazioni della mostra\" height=\"180\" width=\"320\" \/><\/p>\n","protected":false},"author":1,"featured_media":0,"comment_status":"open","ping_status":"closed","sticky":false,"template":"","format":"standard","meta":{"colormag_page_container_layout":"default_layout","colormag_page_sidebar_layout":"default_layout","footnotes":""},"categories":[7],"tags":[],"class_list":["post-13019","post","type-post","status-publish","format-standard","hentry","category-attualita"],"_links":{"self":[{"href":"https:\/\/archivioturi.lavocedelpaese.info\/index.php\/wp-json\/wp\/v2\/posts\/13019","targetHints":{"allow":["GET"]}}],"collection":[{"href":"https:\/\/archivioturi.lavocedelpaese.info\/index.php\/wp-json\/wp\/v2\/posts"}],"about":[{"href":"https:\/\/archivioturi.lavocedelpaese.info\/index.php\/wp-json\/wp\/v2\/types\/post"}],"author":[{"embeddable":true,"href":"https:\/\/archivioturi.lavocedelpaese.info\/index.php\/wp-json\/wp\/v2\/users\/1"}],"replies":[{"embeddable":true,"href":"https:\/\/archivioturi.lavocedelpaese.info\/index.php\/wp-json\/wp\/v2\/comments?post=13019"}],"version-history":[{"count":0,"href":"https:\/\/archivioturi.lavocedelpaese.info\/index.php\/wp-json\/wp\/v2\/posts\/13019\/revisions"}],"wp:attachment":[{"href":"https:\/\/archivioturi.lavocedelpaese.info\/index.php\/wp-json\/wp\/v2\/media?parent=13019"}],"wp:term":[{"taxonomy":"category","embeddable":true,"href":"https:\/\/archivioturi.lavocedelpaese.info\/index.php\/wp-json\/wp\/v2\/categories?post=13019"},{"taxonomy":"post_tag","embeddable":true,"href":"https:\/\/archivioturi.lavocedelpaese.info\/index.php\/wp-json\/wp\/v2\/tags?post=13019"}],"curies":[{"name":"wp","href":"https:\/\/api.w.org\/{rel}","templated":true}]}}