{"id":13016,"date":"2015-05-05T14:14:20","date_gmt":"2015-05-05T14:14:20","guid":{"rendered":"https:\/\/archivioturi.lavocedelpaese.info\/index.php\/2015\/05\/05\/riciclare-perche\/"},"modified":"2015-05-05T14:14:20","modified_gmt":"2015-05-05T14:14:20","slug":"riciclare-perche","status":"publish","type":"post","link":"https:\/\/archivioturi.lavocedelpaese.info\/index.php\/2015\/05\/05\/riciclare-perche\/","title":{"rendered":"Riciclare, perch\u00e8?"},"content":{"rendered":"<p><img loading=\"lazy\" decoding=\"async\" src=\"https:\/\/farm8.staticflickr.com\/7667\/17179673890_4752050316_m.jpg\" alt=\"10985946_10200442288257064_7027483537410398426_o\" height=\"180\" width=\"240\" \/><\/p>\n<p style=\"text-align: justify;\">I rifiuti sono un prodotto inevitabile della societ\u00e0 dei consumi e del nostro stile di vita sempre pi\u00f9 orientato all&#8217;usa e getta.<br \/>Il problema della raccolta dei rifiuti \u00e8 cos\u00ec diventato uno dei problemi pi\u00f9 scottanti della nostra societ\u00e0 e sapere come si differenziano, come poterli riutilizzare, come poter preservare il nostro ambiente, \u00e8 uno dei primi passi verso un mondo sicuramente pi\u00f9 pulito e migliore.<br \/>Difficile, sicuramente, applicare le regole di una buona raccolta differenziata, ma si s\u00e0, apprenderle sin da tenera et\u00e0 \u00e8 fondamentale e certamente pi\u00f9 facile. Anche perch\u00e8 i bambini sanno essere degli ottimi maestri per i loro genitori.<br \/><img loading=\"lazy\" decoding=\"async\" style=\"margin-top: 10px; margin-bottom: 10px; margin-left: 10px; float: right;\" src=\"https:\/\/farm8.staticflickr.com\/7675\/17181023079_810d662543_m.jpg\" alt=\"11174233_10200442286457019_559930609956733873_o\" height=\"180\" width=\"240\" \/>\u00c8 con questo pensiero che \u00e8 stato avviato un progetto con alcune classi della scuola dell&#8217;infanzia dell&#8217;I. C. &#8220;Resta \u2013 De Donato Giannini&#8221; che nelle mattinate di mercoled\u00ec 29 e giovedi 30 aprile, armati da tanta voglia di sapere, accompagnati da docenti e genitori, hanno varcato la soglia dell&#8217;Isola Ecologica di Turi della ditta Catucci srl.<br \/>\u00c9 solo l&#8217;inizio di un percorso che vedr\u00e0 i piccoli esploratori della salvaguardia ambientale, impegnati nel riconoscere l&#8217;importanza degli elementi naturali e con questi, poter vivere e giocare.<br \/>Attraverso questo primo incontro con la raccolta differenziata, ognuno di loro ha compreso, o meglio osservato, come le materie prime della carta, della plastica, del vetro e delle lattine sono trasformate e riutilizzate, salvando cos\u00ec molte risorse naturali. Solo separando i rifiuti \u00e8 possibile ottenere la trasformazione, in centri specializzati, delle materie prime originarie in modo che possano essere riutilizzate in nuovi cicli produttivi. <br \/>E&#8217; bene, quindi, non buttare, indistintamente tutti i rifiuti nello stesso cassonetto ma abituarci a fare una raccolta differenziata dei rifiuti. Un piccolo ma importante gesto da parte di tutti che, oltre a rispettare la natura (quanti alberi si salverebbero!!!) eliminerebbe parte dell&#8217;inquinamento atmosferico, provocato da discariche e inceneritori.<\/p>\n","protected":false},"excerpt":{"rendered":"<p><img loading=\"lazy\" decoding=\"async\" src=\"https:\/\/farm8.staticflickr.com\/7667\/17179673890_4752050316_m.jpg\" alt=\"10985946_10200442288257064_7027483537410398426_o\" height=\"180\" width=\"240\" \/><\/p>\n","protected":false},"author":1,"featured_media":0,"comment_status":"open","ping_status":"closed","sticky":false,"template":"","format":"standard","meta":{"colormag_page_container_layout":"default_layout","colormag_page_sidebar_layout":"default_layout","footnotes":""},"categories":[7],"tags":[],"class_list":["post-13016","post","type-post","status-publish","format-standard","hentry","category-attualita"],"_links":{"self":[{"href":"https:\/\/archivioturi.lavocedelpaese.info\/index.php\/wp-json\/wp\/v2\/posts\/13016","targetHints":{"allow":["GET"]}}],"collection":[{"href":"https:\/\/archivioturi.lavocedelpaese.info\/index.php\/wp-json\/wp\/v2\/posts"}],"about":[{"href":"https:\/\/archivioturi.lavocedelpaese.info\/index.php\/wp-json\/wp\/v2\/types\/post"}],"author":[{"embeddable":true,"href":"https:\/\/archivioturi.lavocedelpaese.info\/index.php\/wp-json\/wp\/v2\/users\/1"}],"replies":[{"embeddable":true,"href":"https:\/\/archivioturi.lavocedelpaese.info\/index.php\/wp-json\/wp\/v2\/comments?post=13016"}],"version-history":[{"count":0,"href":"https:\/\/archivioturi.lavocedelpaese.info\/index.php\/wp-json\/wp\/v2\/posts\/13016\/revisions"}],"wp:attachment":[{"href":"https:\/\/archivioturi.lavocedelpaese.info\/index.php\/wp-json\/wp\/v2\/media?parent=13016"}],"wp:term":[{"taxonomy":"category","embeddable":true,"href":"https:\/\/archivioturi.lavocedelpaese.info\/index.php\/wp-json\/wp\/v2\/categories?post=13016"},{"taxonomy":"post_tag","embeddable":true,"href":"https:\/\/archivioturi.lavocedelpaese.info\/index.php\/wp-json\/wp\/v2\/tags?post=13016"}],"curies":[{"name":"wp","href":"https:\/\/api.w.org\/{rel}","templated":true}]}}