{"id":12980,"date":"2015-04-21T17:07:58","date_gmt":"2015-04-21T17:07:58","guid":{"rendered":"https:\/\/archivioturi.lavocedelpaese.info\/index.php\/2015\/04\/21\/fratelli-ditalia-nasce-a-turi-gioventu-nazionale\/"},"modified":"2015-04-21T17:07:58","modified_gmt":"2015-04-21T17:07:58","slug":"fratelli-ditalia-nasce-a-turi-gioventu-nazionale","status":"publish","type":"post","link":"https:\/\/archivioturi.lavocedelpaese.info\/index.php\/2015\/04\/21\/fratelli-ditalia-nasce-a-turi-gioventu-nazionale\/","title":{"rendered":"Fratelli d\u2019Italia: nasce a Turi \u201cGiovent\u00f9 Nazionale\u201d"},"content":{"rendered":"<p><img loading=\"lazy\" decoding=\"async\" src=\"https:\/\/farm9.staticflickr.com\/8573\/16743689055_a63e650bf1_m.jpg\" alt=\"Sandro Laera\" height=\"240\" width=\"180\" \/><\/p>\n<p style=\"text-align: justify;\">Dopo la conferenza stampa di Giorgia Meloni a Bari e la manifestazione contro la tassa sui terreni agricoli, Fratelli d\u2019Italia ha gi\u00e0 pronta una proposta di legge che mira all\u2019abrogazione dell\u2019imu agricola a livello nazionale, ritornando alle vecchie esenzioni. \u201cStiamo effettuando una raccolta firme&nbsp; &#8211; ci spiega il capogruppo e consigliere Sandro Laera &#8211; che inizier\u00e0 a Turi domenica 24 con i banchetti in piazza. Questa azione supporter\u00e0 la proposta di legge, la quale ha una misura compensativa, perch\u00e9 i 350 milioni di euro che verranno sottratti dalle mancate entrate dell\u2019Imu terreni agricoli potranno essere recuperati dagli introiti sulle slot machine\u201d. <br \/>Durante la stessa conferenza, \u00e8 stata inoltre ufficializzata la candidatura di Laera alle regionali: \u201cLa mia candidatura \u00e8 stata confermata a Bari in occasione della conferenza stampa alla presenza di Giorgia Meloni, dell\u2019on. Rampelli e dei coordinatori regionale e provinciale di partito e pertanto mi sento di poter renderla ufficiale\u201d.<br \/>Altra importante novit\u00e0 riguarda il circolo turese di Fratelli d\u2019Italia: sta nascendo a Turi la sezione giovanile del partito, che \u00e8 Giovent\u00f9 Nazionale. \u201cPresto \u2013 ci spiega Laera &#8211; verranno assegnate le cariche. Questo mi riempie di orgoglio&nbsp; e con piacere ho accolto la richiesta di questi ragazzi che volontariamente hanno chiesto di entrare nel partito, hanno sposato gli ideali di Fratelli d\u2019Italia e con grande piacere li abbiamo accolti\u201d. <br \/>Questa sera ci sar\u00e0 la conferenza stampa con il circolo territoriale di Noci, dove nuovamente si parler\u00e0 dell\u2019Imu agricola e dove verr\u00e0 presentata e ufficializzata la candidatura. Inizia dunque la corsa alla Regione.<\/p>\n","protected":false},"excerpt":{"rendered":"<p><img loading=\"lazy\" decoding=\"async\" src=\"https:\/\/farm9.staticflickr.com\/8573\/16743689055_a63e650bf1_m.jpg\" alt=\"Sandro Laera\" height=\"240\" width=\"180\" \/><\/p>\n","protected":false},"author":1,"featured_media":0,"comment_status":"open","ping_status":"closed","sticky":false,"template":"","format":"standard","meta":{"colormag_page_container_layout":"default_layout","colormag_page_sidebar_layout":"default_layout","footnotes":""},"categories":[4],"tags":[],"class_list":["post-12980","post","type-post","status-publish","format-standard","hentry","category-politica"],"_links":{"self":[{"href":"https:\/\/archivioturi.lavocedelpaese.info\/index.php\/wp-json\/wp\/v2\/posts\/12980","targetHints":{"allow":["GET"]}}],"collection":[{"href":"https:\/\/archivioturi.lavocedelpaese.info\/index.php\/wp-json\/wp\/v2\/posts"}],"about":[{"href":"https:\/\/archivioturi.lavocedelpaese.info\/index.php\/wp-json\/wp\/v2\/types\/post"}],"author":[{"embeddable":true,"href":"https:\/\/archivioturi.lavocedelpaese.info\/index.php\/wp-json\/wp\/v2\/users\/1"}],"replies":[{"embeddable":true,"href":"https:\/\/archivioturi.lavocedelpaese.info\/index.php\/wp-json\/wp\/v2\/comments?post=12980"}],"version-history":[{"count":0,"href":"https:\/\/archivioturi.lavocedelpaese.info\/index.php\/wp-json\/wp\/v2\/posts\/12980\/revisions"}],"wp:attachment":[{"href":"https:\/\/archivioturi.lavocedelpaese.info\/index.php\/wp-json\/wp\/v2\/media?parent=12980"}],"wp:term":[{"taxonomy":"category","embeddable":true,"href":"https:\/\/archivioturi.lavocedelpaese.info\/index.php\/wp-json\/wp\/v2\/categories?post=12980"},{"taxonomy":"post_tag","embeddable":true,"href":"https:\/\/archivioturi.lavocedelpaese.info\/index.php\/wp-json\/wp\/v2\/tags?post=12980"}],"curies":[{"name":"wp","href":"https:\/\/api.w.org\/{rel}","templated":true}]}}