{"id":12979,"date":"2015-04-22T04:05:19","date_gmt":"2015-04-22T04:05:19","guid":{"rendered":"https:\/\/archivioturi.lavocedelpaese.info\/index.php\/2015\/04\/22\/laera-sulle-assistenti-di-sostegno-chi-ha-sbagliato-paghi\/"},"modified":"2015-04-22T04:05:19","modified_gmt":"2015-04-22T04:05:19","slug":"laera-sulle-assistenti-di-sostegno-chi-ha-sbagliato-paghi","status":"publish","type":"post","link":"https:\/\/archivioturi.lavocedelpaese.info\/index.php\/2015\/04\/22\/laera-sulle-assistenti-di-sostegno-chi-ha-sbagliato-paghi\/","title":{"rendered":"Laera sulle assistenti di sostegno: \u201cChi ha sbagliato, paghi\u201d"},"content":{"rendered":"<p><img loading=\"lazy\" decoding=\"async\" src=\"https:\/\/farm6.staticflickr.com\/5600\/15375246697_9083822d4c_n.jpg\" alt=\"Sandro Laera\" height=\"213\" width=\"320\" \/><\/p>\n<p style=\"text-align: justify;\">Il consigliere Laera torna sulla questione delle insegnanti di sostegno, da mesi senza stipendio e con un contratto a progetto, facendone emergere un ulteriore dettaglio:\u201d Sono molto rammaricato per la vicenda delle assistenti di sostegno \u2013 afferma \u2013anche perch\u00e9 vi si aggiunge un elemento molto pi\u00f9 grave. La cooperativa che gestisce questo servizio \u00e8 una onlus. Io mi chiedo, oltre al contratto illegittimo e agli stipendi che non vengono erogati, come pu\u00f2 una onlus incassare delle somme e non girarle, considerando che tali forme giuridiche dovrebbero nascere avendo come principio il non lucrare sulle attivit\u00e0 che si svolgono? Tutto ci\u00f2 mi rende perplesso. Andr\u00f2 fino in fondo. Sono disposto anche ad inviare tutta la documentazione alla Corte dei Conti perch\u00e9 voglio vederci chiaro\u201d. <br \/>Ma anche la documentazione relativa ai fatti denunciati sembrerebbe non pervenire nonostante le richieste: \u201cHo fatto la richiesta della documentazione il 31 del mese scorso e non \u00e8 giunto nulla. Ancora non siamo riusciti a visionare n\u00e9 i contratti di queste docenti, n\u00e9 il contratto di appalto stipulato. Purtroppo questo comportamento continua a perpetrarsi, ostacolando le funzioni dei consiglieri di opposizione che hanno un ruolo di controllo. Ci deve essere permesso inoltre di svolgere questa funzione entro i termini previsti. Comprendo che probabilmente si vogliano mettere ora le pezze, ma a me non importa. Chi ha sbagliato, deve pagare, deve assumersi la propria responsabilit\u00e0\u201d. <br \/>\u201cAnche sul discorso degli affidamenti diretti \u2013 prosegue il dott. Laera \u2013 ho esaminato tutti quelli che sono stati effettuati dopo l\u2019insediamento di questa Amministrazione e di aziende di Turi francamente ne vedo pochissime. I lavoretti vengono affidati con trattativa diretta, perch\u00e9 pare ci sia una forma di allergia a fare le gare di appalto. Posso capire che magari i tempi si allungano, per\u00f2 che si faccia esclusivamente un uso cos\u00ec diffuso di questo di affidamento diretto e che i lavori vengano affidati per il 90% circa ad aziende di fuori, mi fa sorgere dei dubbi: o non abbiamo pi\u00f9 aziende locali che possano svolgere determinati servizi o anche qui c\u2019\u00e8 qualcosa che non va e me lo devono spiegare. Posso comprendere che siano abitudini del passato e gli uffici cos\u00ec come gli amministratori, per non fare una ricerca di mercato, si affidano alle stesse imprese che avevano nel passato il servizio. Per\u00f2 quanto accaduto con questa cooperativa, ci deve far aprire gli occhi, soprattutto quando si danno troppa fiducia e troppe facilitazioni, come \u00e8 stato fatto per questa cooperativa. Perch\u00e9 fino all\u2019anno scorso i contratti erano di tipo subordinato e quest\u2019anno diventano a progetto, illegittimamente? La mia opinione, ripeto, \u00e8 che purtroppo questa modalit\u00e0 sia diventa una consuetudine , ma ritengo giusto che si faccia una rotazione o almeno un\u2019indagine di mercato a qualit\u00e0 di servizio\u201d.<\/p>\n","protected":false},"excerpt":{"rendered":"<p><img loading=\"lazy\" decoding=\"async\" src=\"https:\/\/farm6.staticflickr.com\/5600\/15375246697_9083822d4c_n.jpg\" alt=\"Sandro Laera\" height=\"213\" width=\"320\" \/><\/p>\n","protected":false},"author":1,"featured_media":0,"comment_status":"open","ping_status":"closed","sticky":false,"template":"","format":"standard","meta":{"colormag_page_container_layout":"default_layout","colormag_page_sidebar_layout":"default_layout","footnotes":""},"categories":[4],"tags":[],"class_list":["post-12979","post","type-post","status-publish","format-standard","hentry","category-politica"],"_links":{"self":[{"href":"https:\/\/archivioturi.lavocedelpaese.info\/index.php\/wp-json\/wp\/v2\/posts\/12979","targetHints":{"allow":["GET"]}}],"collection":[{"href":"https:\/\/archivioturi.lavocedelpaese.info\/index.php\/wp-json\/wp\/v2\/posts"}],"about":[{"href":"https:\/\/archivioturi.lavocedelpaese.info\/index.php\/wp-json\/wp\/v2\/types\/post"}],"author":[{"embeddable":true,"href":"https:\/\/archivioturi.lavocedelpaese.info\/index.php\/wp-json\/wp\/v2\/users\/1"}],"replies":[{"embeddable":true,"href":"https:\/\/archivioturi.lavocedelpaese.info\/index.php\/wp-json\/wp\/v2\/comments?post=12979"}],"version-history":[{"count":0,"href":"https:\/\/archivioturi.lavocedelpaese.info\/index.php\/wp-json\/wp\/v2\/posts\/12979\/revisions"}],"wp:attachment":[{"href":"https:\/\/archivioturi.lavocedelpaese.info\/index.php\/wp-json\/wp\/v2\/media?parent=12979"}],"wp:term":[{"taxonomy":"category","embeddable":true,"href":"https:\/\/archivioturi.lavocedelpaese.info\/index.php\/wp-json\/wp\/v2\/categories?post=12979"},{"taxonomy":"post_tag","embeddable":true,"href":"https:\/\/archivioturi.lavocedelpaese.info\/index.php\/wp-json\/wp\/v2\/tags?post=12979"}],"curies":[{"name":"wp","href":"https:\/\/api.w.org\/{rel}","templated":true}]}}