{"id":12973,"date":"2015-04-22T08:44:27","date_gmt":"2015-04-22T08:44:27","guid":{"rendered":"https:\/\/archivioturi.lavocedelpaese.info\/index.php\/2015\/04\/22\/volevamo-interloquire-con-una-realta-stabile\/"},"modified":"2015-04-22T08:44:27","modified_gmt":"2015-04-22T08:44:27","slug":"volevamo-interloquire-con-una-realta-stabile","status":"publish","type":"post","link":"https:\/\/archivioturi.lavocedelpaese.info\/index.php\/2015\/04\/22\/volevamo-interloquire-con-una-realta-stabile\/","title":{"rendered":"\u201cVolevamo interloquire con una realt\u00e0 stabile\u201d"},"content":{"rendered":"<p><img loading=\"lazy\" decoding=\"async\" src=\"https:\/\/farm3.staticflickr.com\/2923\/14592587123_91f40edfdc_n.jpg\" alt=\"La Vicesindaco Lavinia Orlando alla prima serata, delle classi di Musica (9)\" height=\"212\" width=\"320\" \/><\/p>\n<p style=\"text-align: justify;\">Il 6 e 7 giugno sono ormai prossimi e se il calendario parla di poco pi\u00f9 di un mese per organizzare la XXV Sagra della Ciliegia Ferrovia, ad esprimere la soddisfazione di vedere la macchina organizzativa in movimento \u00e8 la stessa Amministrazione, attraverso le parole dell&#8217;Assessora alla Cultura e Vicesindaco di Turi, Lavinia Orlando.<br \/>Suoi gli inviti alle Associazioni per esprimere la volont\u00e0 di collaborare alla programmazione dell&#8217;evento, sua la volont\u00e0 principe che questa sia la Sagra dei produttori e della cittadinanza turese. A confermarlo, le sue stesse parole, raccolte all&#8217;indomani dell&#8217;assegnazione all&#8217;Associazione \u201cOrpheo\u201d del ruolo capofila dell&#8217;intera manifestazione.<br \/>\u201cIn sede di riunione delle Associazioni, \u00e8 pervenuta la proposta dell&#8217;Orpheo e della Pro Loco\u201d &#8211; si affretta a precisare la Vicesindaco Orlando, che per\u00f2 chiarisce come la caduta del nuovo direttivo e del nuovo presidente Tateo, abbia favorito la scelta nei confronti dell&#8217;altra candidatura. \u201cCi \u00e8 stato spiegato che, avendo la Pro Loco ancora realt\u00e0 giuridica e avendo approvato, gi\u00e0 nel 2014, il programma per il nuovo anno, e tra questo l&#8217;organizzazione della Sagra della Ciliegia, l&#8217;attivit\u00e0 della Pro Loco poteva andare avanti, nell&#8217;attesa dei prossimi accadimenti dell&#8217;associazione\u201d. Ma, \u201cavendo noi, io e Antonello Palmisano, necessit\u00e0 di interloquire con una realt\u00e0 stabile e considerati i tempi ristretti per l&#8217;intera organizzazione, in accordo con le associazioni presenti, abbiamo conferito l&#8217;incarico all&#8217;altra Associazione candidata, appunto l&#8217;Orpheo\u201d. <br \/>Inoltre, puntualizza l&#8217;Assessora, \u201cabbiamo chiesto alla Pro Loco e alle altre realt\u00e0 associative presenti di collaborare per l&#8217;organizzazione e nella stessa serata sono gi\u00e0 venute fuori alcune proposte interessanti\u201d.<br \/>Obiettivo dell&#8217;Amministrazione \u2013 conclude Lavinia Orlando \u201c\u00e8 offrire la possibilit\u00e0 di partecipare associazioni e cittadini, oltre che creare una sagra delle ciliegie e non di altro\u201d. Un evento, quindi, di produttori e agricoltori, a cui bisogna lavorare in maniera serrata \u201cperch\u00e9 manca veramente poco tempo\u201d.<\/p>\n","protected":false},"excerpt":{"rendered":"<p><img loading=\"lazy\" decoding=\"async\" src=\"https:\/\/farm3.staticflickr.com\/2923\/14592587123_91f40edfdc_n.jpg\" alt=\"La Vicesindaco Lavinia Orlando alla prima serata, delle classi di Musica (9)\" height=\"212\" width=\"320\" \/><\/p>\n","protected":false},"author":1,"featured_media":0,"comment_status":"open","ping_status":"closed","sticky":false,"template":"","format":"standard","meta":{"colormag_page_container_layout":"default_layout","colormag_page_sidebar_layout":"default_layout","footnotes":""},"categories":[6],"tags":[],"class_list":["post-12973","post","type-post","status-publish","format-standard","hentry","category-cultura"],"_links":{"self":[{"href":"https:\/\/archivioturi.lavocedelpaese.info\/index.php\/wp-json\/wp\/v2\/posts\/12973","targetHints":{"allow":["GET"]}}],"collection":[{"href":"https:\/\/archivioturi.lavocedelpaese.info\/index.php\/wp-json\/wp\/v2\/posts"}],"about":[{"href":"https:\/\/archivioturi.lavocedelpaese.info\/index.php\/wp-json\/wp\/v2\/types\/post"}],"author":[{"embeddable":true,"href":"https:\/\/archivioturi.lavocedelpaese.info\/index.php\/wp-json\/wp\/v2\/users\/1"}],"replies":[{"embeddable":true,"href":"https:\/\/archivioturi.lavocedelpaese.info\/index.php\/wp-json\/wp\/v2\/comments?post=12973"}],"version-history":[{"count":0,"href":"https:\/\/archivioturi.lavocedelpaese.info\/index.php\/wp-json\/wp\/v2\/posts\/12973\/revisions"}],"wp:attachment":[{"href":"https:\/\/archivioturi.lavocedelpaese.info\/index.php\/wp-json\/wp\/v2\/media?parent=12973"}],"wp:term":[{"taxonomy":"category","embeddable":true,"href":"https:\/\/archivioturi.lavocedelpaese.info\/index.php\/wp-json\/wp\/v2\/categories?post=12973"},{"taxonomy":"post_tag","embeddable":true,"href":"https:\/\/archivioturi.lavocedelpaese.info\/index.php\/wp-json\/wp\/v2\/tags?post=12973"}],"curies":[{"name":"wp","href":"https:\/\/api.w.org\/{rel}","templated":true}]}}