{"id":12958,"date":"2015-04-14T05:18:20","date_gmt":"2015-04-14T05:18:20","guid":{"rendered":"https:\/\/archivioturi.lavocedelpaese.info\/index.php\/2015\/04\/14\/assistenti-educative-specialistiche-senza-stipendi-da-mesi\/"},"modified":"2015-04-14T05:18:20","modified_gmt":"2015-04-14T05:18:20","slug":"assistenti-educative-specialistiche-senza-stipendi-da-mesi","status":"publish","type":"post","link":"https:\/\/archivioturi.lavocedelpaese.info\/index.php\/2015\/04\/14\/assistenti-educative-specialistiche-senza-stipendi-da-mesi\/","title":{"rendered":"Assistenti educative specialistiche senza stipendi da mesi"},"content":{"rendered":"<p><img loading=\"lazy\" decoding=\"async\" src=\"https:\/\/farm8.staticflickr.com\/7654\/16922122828_63a2efe2b0_n.jpg\" alt=\"c_383_B553ACDC-54F7-43BB-8F59-5CA8BEF2FDB7\" height=\"240\" width=\"320\" \/><\/p>\n<p style=\"text-align: justify;\">Cosa accade se un bel giorno il servizio di assistenza specialistica agli alunni disabili cessi di essere fornito? Cosa accade se il prossimo 16 aprile diventi il giorno ultimo in cui i bambini della scuola turese ricevano il sostegno del personale che la Cooperativa vincitrice dell&#8217;appalto ha loro affidato?<br \/>Le famiglie degli studenti in questione, sono al corrente del grave pericolo che stanno per incontrare i loro bambini da venerd\u00ec 17 aprile, non potendo pi\u00f9 essere assistiti da chi, sino ad ora, \u00e8 stato loro accanto?<br \/>Questi e tanti altri sono gli interrogativi che ci potremmo rivolgere e sicuramente si faranno le tante famiglie coinvolte in questa triste e soprattutto ingiusta vicenda, che da qualche mese sta investendo la nostra comunit\u00e0 e in particolare la scuola turese. <br \/>A portare sotto i riflettori la questione, qualche settimana fa, il consigliere di minoranza Sandro Laera che, in uno sfogo sulla mancata vigilanza da parte del Comune, aveva denunciato la vicenda. Sono infatti diversi i mesi di arretrati che gli assistenti educativi specialistici non si vedono corrisposti per un lavoro effettuato all&#8217;interno della nostra scuola e direttamente a contatto con i minori. <br \/>Alcuni specialisti \u2013 come trapela da alcune voci \u2013 non ricevono lo stipendio dal mese di novembre, mentre altri, ancora pi\u00f9 grave, attendono lo stipendio per il periodo delle Colonie; un pagamento da parte della Cooperativa a cui il comune di Turi aveva affidato il servizio.<br \/>Ripetute sono le richieste e le sollecitazioni, da parte delle assistenti, alla Cooperativa, per&nbsp; vedersi ripagare delle somme dovute e non corrisposte come assistenti educative specialiste, ma vani sono stati i tentativi. <br \/>&#8220;Il Comune non ci ha ancora pagato!&#8221; &#8211; una delle risposte che hanno ricevuto; &#8220;Stiamo aspettando che arrivino i soldi&#8221; \u2013 hanno ascoltato nelle tante spiegazioni.<br \/>Sono passati mesi, son trascorse festivit\u00e0 e nel frattempo le assistenti hanno proseguito con il loro lavoro, garantendo presenza e profesisonalit\u00e0 quotidiana, nella speranza che finalmente, un giorno, potessero vedersi ripagate delle ore di lavoro prestate. <br \/>Dopo tutto questo periodo, per\u00f2, nessuna garanzia a loro riguardo ed anzi, la notizia che probabilmente la Cooperativa ha avviato le procedure di fallimento, determinando, per le assistenti turesi, l&#8217;amara prospettiva di perdere completamente gli stipendi arretrati. <br \/>Le stesse, infatti, a dispetto di quanto previsto nella convenzione che la Cooperativa aveva stretto con il Comune di Turi, hanno firmato un contratto a progetto e non uno di tipo &#8220;subordinato&#8221; che \u00e8 necessario per il vincolo di orario a cui le stesse sono soggette. Il contratto di collaborazione a progetto, invece, non si configura con l&#8217;attivit\u00e0 che le assistenti educative esercitano ed hano esercitato sino ad ora, poich\u00e8 il loro lavoro non \u00e8 svolto in autonomia, senza vinoli di orario o di strutture, come prevede la tipologia contrattuale. <br \/>Il Comune di Turi e soprattutto il suo ufficio tecnico non avrebbe dovuto vigilare sulla questione? Non avrebbe dovuto controllare che la ditta appaltatrice avesse realizzato contratti come previsti dalla convenzione? Su chi ricade la responsabilit\u00e0 di vigilare che il personale, che \u00e8 a stretto contatto con l&#8217;utenza scolastica, con minori, sia dotato di un contratto a norma e che venga loro corrisposto il regolare compenso?<br \/>Le assistenti hanno avviato, pertanto, le vie legali per risolvere la questione, ormai stanche di vedersi chiudere in faccia le porte di chi aveva garantito loro un lavoro e per il quale, loro stesse, hanno prestato la loro professionalit\u00e0, il loro tempo e il loro impegno. Con largo anticipo hanno portato a conoscenza della loro difficolt\u00e0 gli organi competenti, ma ancora nessuno ha dato loro uno spiraglio di risoluzione.<br \/>Hanno chiesto, pertanto, attraverso un legale, di vedersi riconosciute le somme fino ad ora non corrisposte direttamente al Comune di Turi, principale ente per il quale hanno operato e, se anche questa richiesta non verr\u00e0 ascoltata, incroceranno le braccia dal prossimo 17 aprile, a discapito di quegli alunni per i quali hanno fino ad oggi prestato sostegno.<\/p>\n","protected":false},"excerpt":{"rendered":"<p><img loading=\"lazy\" decoding=\"async\" src=\"https:\/\/farm8.staticflickr.com\/7654\/16922122828_63a2efe2b0_n.jpg\" alt=\"c_383_B553ACDC-54F7-43BB-8F59-5CA8BEF2FDB7\" height=\"240\" width=\"320\" \/><\/p>\n","protected":false},"author":1,"featured_media":0,"comment_status":"open","ping_status":"closed","sticky":false,"template":"","format":"standard","meta":{"colormag_page_container_layout":"default_layout","colormag_page_sidebar_layout":"default_layout","footnotes":""},"categories":[7],"tags":[],"class_list":["post-12958","post","type-post","status-publish","format-standard","hentry","category-attualita"],"_links":{"self":[{"href":"https:\/\/archivioturi.lavocedelpaese.info\/index.php\/wp-json\/wp\/v2\/posts\/12958","targetHints":{"allow":["GET"]}}],"collection":[{"href":"https:\/\/archivioturi.lavocedelpaese.info\/index.php\/wp-json\/wp\/v2\/posts"}],"about":[{"href":"https:\/\/archivioturi.lavocedelpaese.info\/index.php\/wp-json\/wp\/v2\/types\/post"}],"author":[{"embeddable":true,"href":"https:\/\/archivioturi.lavocedelpaese.info\/index.php\/wp-json\/wp\/v2\/users\/1"}],"replies":[{"embeddable":true,"href":"https:\/\/archivioturi.lavocedelpaese.info\/index.php\/wp-json\/wp\/v2\/comments?post=12958"}],"version-history":[{"count":0,"href":"https:\/\/archivioturi.lavocedelpaese.info\/index.php\/wp-json\/wp\/v2\/posts\/12958\/revisions"}],"wp:attachment":[{"href":"https:\/\/archivioturi.lavocedelpaese.info\/index.php\/wp-json\/wp\/v2\/media?parent=12958"}],"wp:term":[{"taxonomy":"category","embeddable":true,"href":"https:\/\/archivioturi.lavocedelpaese.info\/index.php\/wp-json\/wp\/v2\/categories?post=12958"},{"taxonomy":"post_tag","embeddable":true,"href":"https:\/\/archivioturi.lavocedelpaese.info\/index.php\/wp-json\/wp\/v2\/tags?post=12958"}],"curies":[{"name":"wp","href":"https:\/\/api.w.org\/{rel}","templated":true}]}}