{"id":12945,"date":"2015-04-07T10:46:59","date_gmt":"2015-04-07T10:46:59","guid":{"rendered":"https:\/\/archivioturi.lavocedelpaese.info\/index.php\/2015\/04\/07\/donna-e-non-solo-gli-scatti-di-maria-rosaria-venere\/"},"modified":"2015-04-07T10:46:59","modified_gmt":"2015-04-07T10:46:59","slug":"donna-e-non-solo-gli-scatti-di-maria-rosaria-venere","status":"publish","type":"post","link":"https:\/\/archivioturi.lavocedelpaese.info\/index.php\/2015\/04\/07\/donna-e-non-solo-gli-scatti-di-maria-rosaria-venere\/","title":{"rendered":"Donna e non solo: gli scatti di Maria Rosaria Venere"},"content":{"rendered":"<p><img loading=\"lazy\" decoding=\"async\" src=\"https:\/\/farm9.staticflickr.com\/8758\/17062904691_cd3438f39f_n.jpg\" alt=\"Lo scatto di maria Rosaria Venere per Womenland\" height=\"211\" width=\"320\" \/><\/p>\n<p style=\"text-align: justify;\">Se lo scatto, pi\u00f9 delle parole, racconta l&#8217;anima di chi lo realizza , vuol dire che questi ha compreso come raccontare e raccontarsi. E cos\u00ec che da una semplice passione,&nbsp; il divertimento diventa professione e con pazienza e dedizione si raccontano i talenti.<br \/>\u00c8 il caso di Maria Rosaria Venere che \u00e8 stata tra le protagoniste di &#8220;Womenland: lo spazio del desiderio&#8221;. Una mostra che per un mese a partire dal 7 marzo, durante la serata &#8220;Female in March&#8221; all&#8217;interno delle X edizione &#8220;Obbiettivo Donna &#8211; Un mese per la fotografia al femminile&#8221; organizzata dalle Officine Fotografiche Roma! Il contest Womenland (lo spazio del desiderio) dedicato alle donne fotografo \u00e8 proseguito fino al 2 aprile.<br \/>Womenland ha rappresentato uno spazio dove poter essere donne, lontano da ogni stereotipo e da ogni ruolo prestabilito. Il contest fotografico \u00e8 stato un invito a riprendersi, attraverso uno scatto, quello spazio fisico o metaforico in cui ogni donna riesce a liberare la sua creativit\u00e0, il suo essere altro rispetto a quello che \u00e8 chiamata ad essere. Tra le tante foto giunte all&#8217;organizzazione, uno spazio \u00e8 stato conquistato dallo scatto della nostra Rox.<br \/>Ma le sue sorprese non finiscono qui e infatti l&#8217;11 aprile, esporr\u00e0 presso la Cantina Maculan di Braganze, una sua foto selezionata per il 6\u00b0 Concorso Fotografico organizzato dal Progetto Giovani di Breganze! Non ci resta che ammirare.<\/p>\n<p>&nbsp;<\/p>\n","protected":false},"excerpt":{"rendered":"<p><img loading=\"lazy\" decoding=\"async\" src=\"https:\/\/farm9.staticflickr.com\/8758\/17062904691_cd3438f39f_n.jpg\" alt=\"Lo scatto di maria Rosaria Venere per Womenland\" height=\"211\" width=\"320\" \/><\/p>\n","protected":false},"author":1,"featured_media":0,"comment_status":"open","ping_status":"closed","sticky":false,"template":"","format":"standard","meta":{"colormag_page_container_layout":"default_layout","colormag_page_sidebar_layout":"default_layout","footnotes":""},"categories":[6],"tags":[],"class_list":["post-12945","post","type-post","status-publish","format-standard","hentry","category-cultura"],"_links":{"self":[{"href":"https:\/\/archivioturi.lavocedelpaese.info\/index.php\/wp-json\/wp\/v2\/posts\/12945","targetHints":{"allow":["GET"]}}],"collection":[{"href":"https:\/\/archivioturi.lavocedelpaese.info\/index.php\/wp-json\/wp\/v2\/posts"}],"about":[{"href":"https:\/\/archivioturi.lavocedelpaese.info\/index.php\/wp-json\/wp\/v2\/types\/post"}],"author":[{"embeddable":true,"href":"https:\/\/archivioturi.lavocedelpaese.info\/index.php\/wp-json\/wp\/v2\/users\/1"}],"replies":[{"embeddable":true,"href":"https:\/\/archivioturi.lavocedelpaese.info\/index.php\/wp-json\/wp\/v2\/comments?post=12945"}],"version-history":[{"count":0,"href":"https:\/\/archivioturi.lavocedelpaese.info\/index.php\/wp-json\/wp\/v2\/posts\/12945\/revisions"}],"wp:attachment":[{"href":"https:\/\/archivioturi.lavocedelpaese.info\/index.php\/wp-json\/wp\/v2\/media?parent=12945"}],"wp:term":[{"taxonomy":"category","embeddable":true,"href":"https:\/\/archivioturi.lavocedelpaese.info\/index.php\/wp-json\/wp\/v2\/categories?post=12945"},{"taxonomy":"post_tag","embeddable":true,"href":"https:\/\/archivioturi.lavocedelpaese.info\/index.php\/wp-json\/wp\/v2\/tags?post=12945"}],"curies":[{"name":"wp","href":"https:\/\/api.w.org\/{rel}","templated":true}]}}