{"id":1294,"date":"2010-01-22T23:21:04","date_gmt":"2010-01-22T23:21:04","guid":{"rendered":"https:\/\/archivioturi.lavocedelpaese.info\/index.php\/2010\/01\/22\/un-secondo-carcere-il-sindaco-ci-pensa\/"},"modified":"2010-01-22T23:21:04","modified_gmt":"2010-01-22T23:21:04","slug":"un-secondo-carcere-il-sindaco-ci-pensa","status":"publish","type":"post","link":"https:\/\/archivioturi.lavocedelpaese.info\/index.php\/2010\/01\/22\/un-secondo-carcere-il-sindaco-ci-pensa\/","title":{"rendered":"UN SECONDO CARCERE? IL SINDACO CI PENSA"},"content":{"rendered":"<p style=\"text-align: justify;\"><img loading=\"lazy\" decoding=\"async\" class=\" size-full wp-image-1293\" src=\"https:\/\/archivioturi.lavocedelpaese.info\/wp-content\/uploads\/2010\/01\/carcere.jpg\" alt=\"carcere\" height=\"150\" width=\"320\" srcset=\"https:\/\/archivioturi.lavocedelpaese.info\/wp-content\/uploads\/2010\/01\/carcere.jpg 640w, https:\/\/archivioturi.lavocedelpaese.info\/wp-content\/uploads\/2010\/01\/carcere-300x141.jpg 300w\" sizes=\"auto, (max-width: 320px) 100vw, 320px\" \/><\/p>\n<p style=\"text-align: justify;\"><span style=\"font-size: 10pt;\"><span style=\"font-family: verdana,geneva;\">In una delle fasi pi\u00f9 concitate dello scorso Consiglio comunale il sindaco, dott. Vincenzo Gigantelli, ha illustrato all&#8217;intera assise un&#8217;idea che \u00e8 in cantiere: <strong>partecipare al Piano Carceri del Governo centrale<\/strong>.<\/span><\/span><\/p>\n<div style=\"text-align: justify;\"><\/div>\n<p style=\"text-align: justify;\"><span style=\"font-size: 10pt;\"><span style=\"font-family: verdana,geneva;\">Turi, lo sappiamo, \u00e8 famosa, soprattutto nel circondario, per la presenza della Casa di Reclusione, ma anche perch\u00e9 nella stessa struttura sono stati imprigionati due grandissimi della politica italiana: <strong>Sandro Pertini<\/strong> e<strong> Antonio Gramsci.<\/strong><\/span><\/span><\/p>\n<div style=\"text-align: justify;\"><\/div>\n<p style=\"text-align: justify;\"><span style=\"font-size: 10pt;\"><span style=\"font-family: verdana,geneva;\">L&#8217;idea del sindaco \u00e8 quella di rimarcare l&#8217;importanza che Turi d\u00e0 a questa struttura e, perch\u00e9 no, ampliarne la portata. &#8220;Il governo ha approvato un piano che stanzia in tutto 600milioni di \u20ac per la costruzione di nuove carceri e per l&#8217;assunzione di oltre 2mila dipendenti. &#8211; ha spiegato Gigantelli &#8211; Ho gi\u00e0 preso contatti con provveditorato Regionale affinch\u00e9 Turi possa <strong>rientrare nel piano per la costruzione di un secondo carcere<\/strong>, pi\u00f9 moderno di quello attuale, o anche di una struttura che non abbia come unico scopo quello di reclusione dei detenuti, ma anche del recupero delle persone&#8221;.<\/span><\/span><\/p>\n<div style=\"text-align: justify;\"><\/div>\n<p style=\"text-align: justify;\"><span style=\"font-size: 10pt;\"><span style=\"font-family: verdana,geneva;\">Insomma, un&#8217;idea che gi\u00e0 si era ascoltata in qualche occasione, ma stavolta \u00e8 stata resa nota al Consiglio. Sarebbe bello avere a Turi una seconda struttura di questa portata. In fondo Turi, storicamente, \u00e8 cresciuta anche grazie ai molti poliziotti penitenziari che con le loro famiglie sono venuti ad abitare nel paese. Nell&#8217;idea di progetto si \u00e8 gi\u00e0 pensato ad <strong>un&#8217;area da destinare a tale scopo: l&#8217;ex polveriera<\/strong> sita in area demaniale potrebbe essere proposta per situare l\u00ec la struttura carceraria, ma in ogni caso ci sarebbero altri punti del paese dove si potrebbe pensare di ubicarla.<\/span><\/span><\/p>\n<div style=\"text-align: justify;\"><\/div>\n<p style=\"text-align: justify;\"><span style=\"font-size: 10pt;\"><span style=\"font-family: verdana,geneva;\">&#8220;Cos\u00ec facendo &#8211; ha concluso il Primo cittadino &#8211; <strong>Turi diventerebbe un polo in questo settore<\/strong>. Per migliorare le sorti del nostro paese bisogna iniziare con presupposti di finanziamento veri e farli diventare realt\u00e0. Il nostro paese ha sempre avuto una marcia in pi\u00f9 in questa direzione, e sarebbe un peccato farsi sfuggire questo treno che passa ogni 30\/40 anni&#8221;.<\/span><\/span><\/p>\n<div style=\"text-align: justify;\"><\/div>\n<p style=\"text-align: justify;\"><span style=\"font-size: 10pt;\"><span style=\"font-family: verdana,geneva;\"> <\/span><\/span><\/p>\n","protected":false},"excerpt":{"rendered":"<p style=\"text-align: justify;\"><img loading=\"lazy\" decoding=\"async\" class=\" size-full wp-image-1293\" src=\"https:\/\/archivioturi.lavocedelpaese.info\/wp-content\/uploads\/2010\/01\/carcere.jpg\" alt=\"carcere\" height=\"150\" width=\"320\" srcset=\"https:\/\/archivioturi.lavocedelpaese.info\/wp-content\/uploads\/2010\/01\/carcere.jpg 640w, https:\/\/archivioturi.lavocedelpaese.info\/wp-content\/uploads\/2010\/01\/carcere-300x141.jpg 300w\" sizes=\"auto, (max-width: 320px) 100vw, 320px\" \/><\/p>\n","protected":false},"author":1,"featured_media":1293,"comment_status":"open","ping_status":"closed","sticky":false,"template":"","format":"standard","meta":{"colormag_page_container_layout":"default_layout","colormag_page_sidebar_layout":"default_layout","footnotes":""},"categories":[4],"tags":[],"class_list":["post-1294","post","type-post","status-publish","format-standard","has-post-thumbnail","hentry","category-politica"],"_links":{"self":[{"href":"https:\/\/archivioturi.lavocedelpaese.info\/index.php\/wp-json\/wp\/v2\/posts\/1294","targetHints":{"allow":["GET"]}}],"collection":[{"href":"https:\/\/archivioturi.lavocedelpaese.info\/index.php\/wp-json\/wp\/v2\/posts"}],"about":[{"href":"https:\/\/archivioturi.lavocedelpaese.info\/index.php\/wp-json\/wp\/v2\/types\/post"}],"author":[{"embeddable":true,"href":"https:\/\/archivioturi.lavocedelpaese.info\/index.php\/wp-json\/wp\/v2\/users\/1"}],"replies":[{"embeddable":true,"href":"https:\/\/archivioturi.lavocedelpaese.info\/index.php\/wp-json\/wp\/v2\/comments?post=1294"}],"version-history":[{"count":0,"href":"https:\/\/archivioturi.lavocedelpaese.info\/index.php\/wp-json\/wp\/v2\/posts\/1294\/revisions"}],"wp:featuredmedia":[{"embeddable":true,"href":"https:\/\/archivioturi.lavocedelpaese.info\/index.php\/wp-json\/wp\/v2\/media\/1293"}],"wp:attachment":[{"href":"https:\/\/archivioturi.lavocedelpaese.info\/index.php\/wp-json\/wp\/v2\/media?parent=1294"}],"wp:term":[{"taxonomy":"category","embeddable":true,"href":"https:\/\/archivioturi.lavocedelpaese.info\/index.php\/wp-json\/wp\/v2\/categories?post=1294"},{"taxonomy":"post_tag","embeddable":true,"href":"https:\/\/archivioturi.lavocedelpaese.info\/index.php\/wp-json\/wp\/v2\/tags?post=1294"}],"curies":[{"name":"wp","href":"https:\/\/api.w.org\/{rel}","templated":true}]}}