{"id":12926,"date":"2015-04-08T08:33:36","date_gmt":"2015-04-08T08:33:36","guid":{"rendered":"https:\/\/archivioturi.lavocedelpaese.info\/index.php\/2015\/04\/08\/nuovo-personale-al-comune-si-aprono-le-porte-per-10-unita\/"},"modified":"2015-04-08T08:33:36","modified_gmt":"2015-04-08T08:33:36","slug":"nuovo-personale-al-comune-si-aprono-le-porte-per-10-unita","status":"publish","type":"post","link":"https:\/\/archivioturi.lavocedelpaese.info\/index.php\/2015\/04\/08\/nuovo-personale-al-comune-si-aprono-le-porte-per-10-unita\/","title":{"rendered":"Nuovo personale al Comune: si aprono le porte per 10 unit\u00e0"},"content":{"rendered":"<p><img loading=\"lazy\" decoding=\"async\" src=\"https:\/\/farm4.staticflickr.com\/3835\/15297647755_e0aaa6a493_n.jpg\" alt=\"Sindaco Coppi Menino\" height=\"212\" width=\"320\" \/><\/p>\n<p style=\"text-align: justify;\">Nel palazzo dell\u2019ex Provincia, in via Spalato a Bari, si \u00e8 tenuto il primo Consiglio metropolitano, presieduto dal sindaco Antonio Dec\u00e0ro. Il principale punto all\u2019ordine del giorno \u00e8 stato il Piano di riassetto organizzativo, economico, finanziario e patrimoniale dell\u2019intera area metropolitana, ponendo in rilievo la questione della mobilit\u00e0 dei dipendenti dell\u2019ex Provincia. Dall\u2019incontro, \u00e8 emerso che il rischio per i 600 dipendenti di essere trasferiti e ricollocati, come previsto per legge a seguito del passaggio di consegne da Provincia a Citt\u00e0 Metropolitana, pare essere scampato: i lavoratori resteranno tutti al loro posto. Sar\u00e0 invece la legge nazionale a farsi carico de circa 110 lavoratori in carico alle Politiche attive del lavoro, e dei circa 70 agenti della Polizia provinciale. \u00c8 slittata al prossimo appuntamento, invece, l\u2019approvazione del nuovo regolamento del Consiglio metropolitano.<br \/>I dipendenti della Provincia non saranno, dunque costretti ad emigrare in altri uffici, ma per loro le porte del Comune di Turi si aprono lo stesso, vista la necessit\u00e0 di rinforzare tutto l\u2019apparato municipale con ben dieci unit\u00e0 e grazie alla Delibera di Giunta del 27 marzo scorso. \u201cCon questa delibera, prevediamo l\u2019assunzione in mobilit\u00e0 di dieci persone \u2013 ci spiega il Sindaco.&nbsp; \u2013 I bandi di mobilit\u00e0 riguarderanno prima di tutto i dipendenti di tutte le Provincie italiane\u201d. Quindi, per quegli impiegati provinciali che vorranno occupare una scrivania del nostro Comune, non ci saranno ostacoli da parte delle Provincie di appartenenza. Sul personale dell\u2019ex Provincia di Bari, il dott. Coppi spiega: \u201cLa Citt\u00e0 metropolitana ha solamente comunicato che non c\u2019\u00e8 nessuno in esubero. Questo non significa che chi voglia venire da noi, non possa farlo\u201d. Il personale da assumere sarebbe cos\u00ec ripartito: un responsabile del settore economico-finanziario, un comandante di Polizia locale, due tecnici direttivi, un tecnico contabile, due unit\u00e0 per la Polizia Locale, a seguito dei pensionamenti dello scorso 3 gennaio e del prossimo 1 maggio, un istruttore amministrativo, un messo notificatore e, infine, un addetto ai servizi generali.<br \/>Dopo la Delibera, con una determina del 1 aprile, si \u00e8 avviato il procedimento per reclutare il nuovo comandante dei vigili: \u201cIn questo caso \u2013 spiega Coppi &#8211;&nbsp; si proceder\u00e0 con la graduatoria in essere\u201d. Per \u201caccelerare i tempi\u201d, la notifica da parte del Comune di Turi sarebbe stata gi\u00e0 inviata sia al secondo in graduatoria, la dott.ssa Celestina Barile, sia al terzo, il dott. Raffaele Campanella. In caso di rinuncia del primo, sar\u00e0 chiesto al secondo.<br \/>Avviata a risoluzione la questione del comandante di Polizia Locale, si passer\u00e0 subito alla pubblicazione dei bandi di mobilit\u00e0 per le dieci unit\u00e0 previste.<\/p>\n","protected":false},"excerpt":{"rendered":"<p><img loading=\"lazy\" decoding=\"async\" src=\"https:\/\/farm4.staticflickr.com\/3835\/15297647755_e0aaa6a493_n.jpg\" alt=\"Sindaco Coppi Menino\" height=\"212\" width=\"320\" \/><\/p>\n","protected":false},"author":1,"featured_media":0,"comment_status":"open","ping_status":"closed","sticky":false,"template":"","format":"standard","meta":{"colormag_page_container_layout":"default_layout","colormag_page_sidebar_layout":"default_layout","footnotes":""},"categories":[4],"tags":[],"class_list":["post-12926","post","type-post","status-publish","format-standard","hentry","category-politica"],"_links":{"self":[{"href":"https:\/\/archivioturi.lavocedelpaese.info\/index.php\/wp-json\/wp\/v2\/posts\/12926","targetHints":{"allow":["GET"]}}],"collection":[{"href":"https:\/\/archivioturi.lavocedelpaese.info\/index.php\/wp-json\/wp\/v2\/posts"}],"about":[{"href":"https:\/\/archivioturi.lavocedelpaese.info\/index.php\/wp-json\/wp\/v2\/types\/post"}],"author":[{"embeddable":true,"href":"https:\/\/archivioturi.lavocedelpaese.info\/index.php\/wp-json\/wp\/v2\/users\/1"}],"replies":[{"embeddable":true,"href":"https:\/\/archivioturi.lavocedelpaese.info\/index.php\/wp-json\/wp\/v2\/comments?post=12926"}],"version-history":[{"count":0,"href":"https:\/\/archivioturi.lavocedelpaese.info\/index.php\/wp-json\/wp\/v2\/posts\/12926\/revisions"}],"wp:attachment":[{"href":"https:\/\/archivioturi.lavocedelpaese.info\/index.php\/wp-json\/wp\/v2\/media?parent=12926"}],"wp:term":[{"taxonomy":"category","embeddable":true,"href":"https:\/\/archivioturi.lavocedelpaese.info\/index.php\/wp-json\/wp\/v2\/categories?post=12926"},{"taxonomy":"post_tag","embeddable":true,"href":"https:\/\/archivioturi.lavocedelpaese.info\/index.php\/wp-json\/wp\/v2\/tags?post=12926"}],"curies":[{"name":"wp","href":"https:\/\/api.w.org\/{rel}","templated":true}]}}