{"id":12899,"date":"2015-03-31T04:29:03","date_gmt":"2015-03-31T04:29:03","guid":{"rendered":"https:\/\/archivioturi.lavocedelpaese.info\/index.php\/2015\/03\/31\/mediterrae-per-sconfiggere-la-xylella\/"},"modified":"2015-03-31T04:29:03","modified_gmt":"2015-03-31T04:29:03","slug":"mediterrae-per-sconfiggere-la-xylella","status":"publish","type":"post","link":"https:\/\/archivioturi.lavocedelpaese.info\/index.php\/2015\/03\/31\/mediterrae-per-sconfiggere-la-xylella\/","title":{"rendered":"Mediterrae per sconfiggere la Xylella"},"content":{"rendered":"<p><img loading=\"lazy\" decoding=\"async\" src=\"https:\/\/farm8.staticflickr.com\/7287\/16966720335_985b865120_n.jpg\" alt=\"ventr\" height=\"168\" width=\"320\" \/><\/p>\n<p style=\"text-align: justify;\">Si \u00e8 svolto luned\u00ec 23 marzo, presso la Fiera del Levante di Bari una conferenza sulla &#8220;Xylella Probabile Soluzione,&#8221;, organizzato dal Consorzio Mediterrae. A intervenire Angelo Cardone,&nbsp; Roberto De Pascalis, Natale Ventrella, Antonella Laricchia e Tina Fiorentino.<br \/>Il problema della xylella perniciosa \u00e8 un problema non della Puglia ma dell&#8217;Europa!&#8221; &#8211; \u00e8 stato pi\u00f9 volte sottolineato durante la mattinata. &#8220;Chiediamo in maniera appassionata e vibrante che il presidente UE Junker, attivi immediatamente provvedimenti urgenti ed adeguati. Interpelliamo il presidente del consiglio Renzi di definire inadeguato lo strumento del commissario straordinario ed attivi immediatamente una task force coordinata a livello interministeriale (finanze, difesa, agricoltura, universita&#8217; e ricerca scientifica miur, sanita&#8217;) dotata di tutti i necessari poteri per eradicare definitivamente questo triste fenomeno. Nel contempo, di adottare adeguatamente la legge 102\/2004 in materia di manutenzione, protezione e&nbsp; potenziamento di fondi agrari ammalorati&#8221; \u2013 sono le parole dell&#8217;Amministratore delegato del Consorzio.<br \/>Alle sue parole, si uniscono quelle della candidata M5S, Antonella Laricchia. \u201cPer sconfiggere la sindrome del disseccamento rapido degli ulivi, il Movimento 5 Stelle si oppone all\u2019eradicazione indiscriminata dei nostri meravigliosi olivi e all\u2019impiego altrettanto indiscriminato di insetticidi\u201d.&nbsp;A dichiararlo \u00e8 la candidata Presidente del M5S per la Regione Puglia Antonella Laricchia, la quale non risparmia i propri dubbi sul piano d\u2019intervento del Commissario Silletti. Nonostante in audizione alle Camere abbia riconosciuto che l\u2019eradicazione, impiegata in America per affrontare un altro ceppo di Xylella, non abbia risolto la situazione, il Commissario continua, infatti, a presentare l\u2019eradicazione quale soluzione al problema.<br \/>\u201c\u00c8 necessario affrontare il problema con l\u2019ausilio della ricerca. Dal territorio pugliese giungono anche proposte che prevedono l\u2019uso di prodotti naturali e biologici da parte di esperti del settore agricolo&nbsp;\u2013&nbsp;continua Antonella Laricchia (M5S)&nbsp;\u2013&nbsp;che assicurano di voler agire in maniera assolutamente volontaria, con il solo scopo di salvare gli ulivi della nostra Puglia, senza il minimo guadagno. Chiediamo alla politica europea, nazionale e regionale ed al commissario Silletti di valutarle in fretta non cedendo alla tentazione di scegliere soluzioni radicali ed inefficaci solo perch\u00e9 apparentemente pi\u00f9 rapide\u201d.<\/p>\n","protected":false},"excerpt":{"rendered":"<p><img loading=\"lazy\" decoding=\"async\" src=\"https:\/\/farm8.staticflickr.com\/7287\/16966720335_985b865120_n.jpg\" alt=\"ventr\" height=\"168\" width=\"320\" \/><\/p>\n","protected":false},"author":1,"featured_media":0,"comment_status":"open","ping_status":"closed","sticky":false,"template":"","format":"standard","meta":{"colormag_page_container_layout":"default_layout","colormag_page_sidebar_layout":"default_layout","footnotes":""},"categories":[4],"tags":[],"class_list":["post-12899","post","type-post","status-publish","format-standard","hentry","category-politica"],"_links":{"self":[{"href":"https:\/\/archivioturi.lavocedelpaese.info\/index.php\/wp-json\/wp\/v2\/posts\/12899","targetHints":{"allow":["GET"]}}],"collection":[{"href":"https:\/\/archivioturi.lavocedelpaese.info\/index.php\/wp-json\/wp\/v2\/posts"}],"about":[{"href":"https:\/\/archivioturi.lavocedelpaese.info\/index.php\/wp-json\/wp\/v2\/types\/post"}],"author":[{"embeddable":true,"href":"https:\/\/archivioturi.lavocedelpaese.info\/index.php\/wp-json\/wp\/v2\/users\/1"}],"replies":[{"embeddable":true,"href":"https:\/\/archivioturi.lavocedelpaese.info\/index.php\/wp-json\/wp\/v2\/comments?post=12899"}],"version-history":[{"count":0,"href":"https:\/\/archivioturi.lavocedelpaese.info\/index.php\/wp-json\/wp\/v2\/posts\/12899\/revisions"}],"wp:attachment":[{"href":"https:\/\/archivioturi.lavocedelpaese.info\/index.php\/wp-json\/wp\/v2\/media?parent=12899"}],"wp:term":[{"taxonomy":"category","embeddable":true,"href":"https:\/\/archivioturi.lavocedelpaese.info\/index.php\/wp-json\/wp\/v2\/categories?post=12899"},{"taxonomy":"post_tag","embeddable":true,"href":"https:\/\/archivioturi.lavocedelpaese.info\/index.php\/wp-json\/wp\/v2\/tags?post=12899"}],"curies":[{"name":"wp","href":"https:\/\/api.w.org\/{rel}","templated":true}]}}