{"id":12892,"date":"2015-03-23T04:33:25","date_gmt":"2015-03-23T04:33:25","guid":{"rendered":"https:\/\/archivioturi.lavocedelpaese.info\/index.php\/2015\/03\/23\/terrore-007-sulla-turi-conversano\/"},"modified":"2015-03-23T04:33:25","modified_gmt":"2015-03-23T04:33:25","slug":"terrore-007-sulla-turi-conversano","status":"publish","type":"post","link":"https:\/\/archivioturi.lavocedelpaese.info\/index.php\/2015\/03\/23\/terrore-007-sulla-turi-conversano\/","title":{"rendered":"Terrore 007 sulla Turi-Conversano"},"content":{"rendered":"<p><img loading=\"lazy\" decoding=\"async\" src=\"https:\/\/farm5.staticflickr.com\/4085\/5122421675_5a3d2cde46_n.jpg\" alt=\"...hurry...\" height=\"210\" width=\"320\" \/><\/p>\n<p style=\"text-align: justify;\">A Turi siamo passati dalle semplici rapine in casa, a veri e propri agguati in stile terroristico. Incute terrore e inquieta non poso l&#8217;episodio accaduto mercoled\u00ec mattina, 18 marzo, alle ore 7:45 lungo la strada provinciale Turi-Conversano. Un uomo di Turi, rappresentante di prodotti cosmetici per parrucchieri, mentre procedeva verso Conversano a bordo della propria auto di grossa cilindrata, \u00e8 stato affiancato sulla strada, come accadrebbe in un comune 007 o, peggio ancora, in Arancia Meccanica. Durante l&#8217; &#8220;azione&#8221; (se fosse un film), l&#8217;auto dei due malviventi ha cominciato a premere sul povero malcapitato turese. Uno alla guida, il complice al suo fianco si \u00e8 sporto dal finestrino e ha rotto il vetro dell&#8217;auto del turese, costringendolo a fermarsi. Il terrore fisso negli occhi del rappresentate di cosmetici \u00e8 durato un attimo, forse per lui un&#8217;eternit\u00e0&#8230;ma per i malviventi \u00e8 stato giusto un attimo, il tempo di premergli contro il pulsante dello spray urticante. Una volta placcato, gli hanno sottratto circa 800 euro che portava nelle tasche. <br \/>Il professionista non ha potuto che attendere l&#8217;arrivo dei carabinieri di Gioia e dei soccorritori del 118.<br \/>La Turi nera \u00e8 un film d&#8217;azione che questa settimana \u00e8 apparso senza titoli di coda. Una scia interminabile di episodi criminosi allarmanti. Solo per farvi un altro esempio, \u00e8 stata svaligiata l&#8217;abitazione di un giornalista turese. Altri furti sono stati segnalati in varie zone della citt\u00e0.<\/p>\n","protected":false},"excerpt":{"rendered":"<p><img loading=\"lazy\" decoding=\"async\" src=\"https:\/\/farm5.staticflickr.com\/4085\/5122421675_5a3d2cde46_n.jpg\" alt=\"...hurry...\" height=\"210\" width=\"320\" \/><\/p>\n","protected":false},"author":1,"featured_media":0,"comment_status":"open","ping_status":"closed","sticky":false,"template":"","format":"standard","meta":{"colormag_page_container_layout":"default_layout","colormag_page_sidebar_layout":"default_layout","footnotes":""},"categories":[8],"tags":[],"class_list":["post-12892","post","type-post","status-publish","format-standard","hentry","category-cronaca"],"_links":{"self":[{"href":"https:\/\/archivioturi.lavocedelpaese.info\/index.php\/wp-json\/wp\/v2\/posts\/12892","targetHints":{"allow":["GET"]}}],"collection":[{"href":"https:\/\/archivioturi.lavocedelpaese.info\/index.php\/wp-json\/wp\/v2\/posts"}],"about":[{"href":"https:\/\/archivioturi.lavocedelpaese.info\/index.php\/wp-json\/wp\/v2\/types\/post"}],"author":[{"embeddable":true,"href":"https:\/\/archivioturi.lavocedelpaese.info\/index.php\/wp-json\/wp\/v2\/users\/1"}],"replies":[{"embeddable":true,"href":"https:\/\/archivioturi.lavocedelpaese.info\/index.php\/wp-json\/wp\/v2\/comments?post=12892"}],"version-history":[{"count":0,"href":"https:\/\/archivioturi.lavocedelpaese.info\/index.php\/wp-json\/wp\/v2\/posts\/12892\/revisions"}],"wp:attachment":[{"href":"https:\/\/archivioturi.lavocedelpaese.info\/index.php\/wp-json\/wp\/v2\/media?parent=12892"}],"wp:term":[{"taxonomy":"category","embeddable":true,"href":"https:\/\/archivioturi.lavocedelpaese.info\/index.php\/wp-json\/wp\/v2\/categories?post=12892"},{"taxonomy":"post_tag","embeddable":true,"href":"https:\/\/archivioturi.lavocedelpaese.info\/index.php\/wp-json\/wp\/v2\/tags?post=12892"}],"curies":[{"name":"wp","href":"https:\/\/api.w.org\/{rel}","templated":true}]}}