{"id":12890,"date":"2015-03-24T17:17:39","date_gmt":"2015-03-24T17:17:39","guid":{"rendered":"https:\/\/archivioturi.lavocedelpaese.info\/index.php\/2015\/03\/24\/chi-ha-il-coraggio-di-organizzare-la-festa-si-faccia-avanti\/"},"modified":"2015-03-24T17:17:39","modified_gmt":"2015-03-24T17:17:39","slug":"chi-ha-il-coraggio-di-organizzare-la-festa-si-faccia-avanti","status":"publish","type":"post","link":"https:\/\/archivioturi.lavocedelpaese.info\/index.php\/2015\/03\/24\/chi-ha-il-coraggio-di-organizzare-la-festa-si-faccia-avanti\/","title":{"rendered":"\u201cChi ha il coraggio di organizzare la Festa si faccia avanti!\u201d"},"content":{"rendered":"<p><img loading=\"lazy\" decoding=\"async\" src=\"https:\/\/farm6.staticflickr.com\/5582\/14913316167_7de89fe211_n.jpg\" alt=\"Turi Sant'Oronzo 2013\" height=\"213\" width=\"320\" \/><\/p>\n<p style=\"text-align: justify;\">Caro direttore de La Voce del Paese,<br \/>vorrei dare una mia opinione sulla festa Patronale, visto che tutti ne parlano con opinioni diverse. Ho letto sul giornale Fax opinioni di gente che di festa non capisce un bel niente. Sono persone che non sono mai state in comitati o organizzazioni, vari commercialisti, dottori, giornalisti e altri professionisti. Da quando mondo \u00e8 mondo la festa Patronale \u00e8 sempre stata una festa di Popolo. Il Presidente \u00e8 stato sempre nominato dal Sindaco e per conoscenza il nome \u00e8 stato detto all\u2019arciprete. Invece queste associazioni o fondazioni ONLUS che si stanno per organizzare sono sfasciate prima ancora di nascere. Anche perch\u00e9 la festa di sant\u2019Oronzo \u00e8 una festa religiosa, di tradizione e di folklore, fatta di bande, luminarie e fuochi. I forestieri che vengono lo fanno per la festa, non certo per i convegni o i gemellaggi organizzati dai soliti che amano mettersi belli in mostra dietro ai gonfaloni per farsi notare e poi mettersi in politica. Abbiamo gi\u00e0 tante di quelle associazioni nate per far conoscere Turi, il centro storico, la storia e i prodotti. Siano loro ad organizzare convegni e gemellaggi. Forse questa gente non sa che da Turi si organizzano pullman per andare a vedere le feste fuori provincia: le persone vanno fino a Potenza, Copertino, Novoli per vedere le attrazioni tipo luminarie e fuochi\u2026 Queste persone non vanno certo fin l\u00ec per assistere a convegni o a gemellaggi politici. Ho inoltre letto che questa fondazione si proporrebbe di gestire le manutenzioni del carro trionfale ecc. Ma lo sapete che il carro trionfale \u00e8 patrimonio comunale, pertanto nessuno pu\u00f2 mettervi mano? A meno che l\u2019Amministrazione non lo venda a privati, che a quel punto ne fanno quel che vogliono, possono anche farlo passare da sotto casa loro il giorno della festa a quel punto\u2026 Come ogni cosa, a Turi c\u2019\u00e8 chi costruisce e chi demolisce. Vedi ad esempio la pallavolo maschile: \u00e8 arrivata ai play-off nazionali per la serie A2, riuscendo a far conoscere Turi ben al di fuori della Puglia, e poi si \u00e8 sciolta, sparendo dalla circolazione. Vedi la festa della ciliegia Ferrovia\u2026 <br \/>I cittadini turesi che offrono un contributo volontario lo fanno esclusivamente per la festa di sant\u2019Oronzo. Di veri presidenti come Marinuccio Di Venere non credo ce ne saranno pi\u00f9, \u00e8 stato l\u2019unico che \u00e8 riuscito a far arrivare a Turi pullman di forestieri per vedere la grande festa, e cantanti come Nek, Francesco Renga, Marina Rei e tanti altri. Chi ha voglia di fare il presidente della festa Patronale dia la sua disponibilit\u00e0 al Sindaco e abbia il coraggio di organizzare la festa in tempi brevi. Il tempo stringe e la possibilit\u00e0 di avere nomi di cartello di fama nazionale viene meno giorno dopo giorno. Auguri a quello che mi auguro sar\u00e0 il nuovo presidente del comitato feste patronali. Auguri per una grande festa.<br \/><em><strong><\/strong><\/em><\/p>\n<p style=\"text-align: right;\"><em><strong>M.L. <\/strong><\/em><\/p>\n","protected":false},"excerpt":{"rendered":"<p><img loading=\"lazy\" decoding=\"async\" src=\"https:\/\/farm6.staticflickr.com\/5582\/14913316167_7de89fe211_n.jpg\" alt=\"Turi Sant'Oronzo 2013\" height=\"213\" width=\"320\" \/><\/p>\n","protected":false},"author":1,"featured_media":0,"comment_status":"open","ping_status":"closed","sticky":false,"template":"","format":"standard","meta":{"colormag_page_container_layout":"default_layout","colormag_page_sidebar_layout":"default_layout","footnotes":""},"categories":[7],"tags":[],"class_list":["post-12890","post","type-post","status-publish","format-standard","hentry","category-attualita"],"_links":{"self":[{"href":"https:\/\/archivioturi.lavocedelpaese.info\/index.php\/wp-json\/wp\/v2\/posts\/12890","targetHints":{"allow":["GET"]}}],"collection":[{"href":"https:\/\/archivioturi.lavocedelpaese.info\/index.php\/wp-json\/wp\/v2\/posts"}],"about":[{"href":"https:\/\/archivioturi.lavocedelpaese.info\/index.php\/wp-json\/wp\/v2\/types\/post"}],"author":[{"embeddable":true,"href":"https:\/\/archivioturi.lavocedelpaese.info\/index.php\/wp-json\/wp\/v2\/users\/1"}],"replies":[{"embeddable":true,"href":"https:\/\/archivioturi.lavocedelpaese.info\/index.php\/wp-json\/wp\/v2\/comments?post=12890"}],"version-history":[{"count":0,"href":"https:\/\/archivioturi.lavocedelpaese.info\/index.php\/wp-json\/wp\/v2\/posts\/12890\/revisions"}],"wp:attachment":[{"href":"https:\/\/archivioturi.lavocedelpaese.info\/index.php\/wp-json\/wp\/v2\/media?parent=12890"}],"wp:term":[{"taxonomy":"category","embeddable":true,"href":"https:\/\/archivioturi.lavocedelpaese.info\/index.php\/wp-json\/wp\/v2\/categories?post=12890"},{"taxonomy":"post_tag","embeddable":true,"href":"https:\/\/archivioturi.lavocedelpaese.info\/index.php\/wp-json\/wp\/v2\/tags?post=12890"}],"curies":[{"name":"wp","href":"https:\/\/api.w.org\/{rel}","templated":true}]}}