{"id":12864,"date":"2015-03-17T11:27:14","date_gmt":"2015-03-17T11:27:14","guid":{"rendered":"https:\/\/archivioturi.lavocedelpaese.info\/index.php\/2015\/03\/17\/tundo-voi-che-avete-avuto-pressioni-da-quellimprenditore\/"},"modified":"2015-03-17T11:27:14","modified_gmt":"2015-03-17T11:27:14","slug":"tundo-voi-che-avete-avuto-pressioni-da-quellimprenditore","status":"publish","type":"post","link":"https:\/\/archivioturi.lavocedelpaese.info\/index.php\/2015\/03\/17\/tundo-voi-che-avete-avuto-pressioni-da-quellimprenditore\/","title":{"rendered":"Tundo: \u201cVoi che avete avuto pressioni da quell\u2019imprenditore\u2026\u201d"},"content":{"rendered":"<p><img loading=\"lazy\" decoding=\"async\" src=\"https:\/\/farm8.staticflickr.com\/7288\/16144240714_25185dedb2_n.jpg\" alt=\"Il Consiglio Comunale 6 03 20156\" height=\"213\" width=\"320\" \/><\/p>\n<p style=\"text-align: justify;\" align=\"justify\">Paolo Tundo \u00e8 stato certamente il protagonista pi\u00f9 discusso dell\u2019ultimo consiglio comunale, tenutosi venerd\u00ec scorso presso la Biblioteca comunale. Proprio lui, che dice di agire sempre in maniera \u201cpropositiva\u201d, come fosse un Don Chisciotte dei tempi moderni, questa volta pare l\u2019abbia combinata davvero grossa, tanto che, a seduta terminata, la stessa vicesindaco Lavinia Orlando lo apostrofa pubblicamente su Facebook come \u201csmemorato e diffamatore\u201d.<\/p>\n<p style=\"text-align: justify;\" align=\"justify\">Il tutto ha inizio quando il Sindaco annuncia il secondo punto all\u2019ordine del giorno, chiesto dall\u2019opposizione, riguardante il parere dell\u2019Autorit\u00e0 di Bacino su via Schumann e sulla possibilit\u00e0 o meno di un\u2019eventuale lottizzazione, dato il rischio idrogeologico.<\/p>\n<p style=\"text-align: justify;\" align=\"justify\">Interviene brevemente Sandro Laera, spiegando le motivazioni che hanno spinto la minoranza a portare la questione in Consiglio: \u201cNe abbiamo chiesto la discussione per capire quale orientamento ha questa Amministrazione nei confronti dell\u2019accoglimento o meno della condivisione del parere dell\u2019Autorit\u00e0 di Bacino\u201d.<\/p>\n<p><img loading=\"lazy\" decoding=\"async\" style=\"margin-top: 10px; margin-bottom: 10px; margin-left: 10px; float: right;\" src=\"https:\/\/farm8.staticflickr.com\/7282\/16766666465_946c9abab2_n.jpg\" alt=\"Momenti del Consiglio Comunale7\" height=\"213\" width=\"320\" \/><\/p>\n<p style=\"text-align: justify;\" align=\"justify\">In attesa che arrivi l\u2019Ingegnere Comunale, il Sindaco legge il pregresso di tutta questa faccenda. Una volta terminato, gli chiede la parola Tundo, ignaro delle reazioni che avrebbe generato e forse anche di quello che stava per dire: parla di rischi, di cementificazione selvaggia, di \u201cpressioni\u201d, di avvocati, denuncie, contro denuncie\u2026 fino a che non lo interrompe la vicesindaco Orlando: \u201cConsigliere Tundo, io sono d\u2019accordo come te rispetto al discorso della cementificazione selvaggia, rispetto a tutte le bellissime parole che tu hai detto negli ultimi dieci minuti, per\u00f2 tutti noi ci siamo imbattuti in questa Deliberazione di Consiglio comunale, <i>n. 23 dell 22 \/4\/2009. Piano di lottizzazione di iniziativa provata in Zona \u201cB\u201d \u2013 Trav. Via Schumann, <\/i>e mi pare di vedere il tuo nome. Tundo Paolo ha votato questo piano di lottizzazione. Quindi di che cosa stai parlando? L\u2019hai votato tu!\u201d. E a quel punto, si solleva in aula una gran confusione, qualcuno vocifera come a dire \u201cben ti sta\u201d, qualcun altro sogghigna: \u201cS\u2019\u00e8 sbagliet!\u201d. Forse per Tundo una secchiata di acqua gelida sulla testa sarebbe stata meno inaspettata, ma prontamente riprende la parola: \u201cDopo quel provvedimento non ho approvato pi\u00f9 nulla. Se in buona fede c\u2019\u00e8 stata una disattenzione, negli atti successivi si \u00e8 discusso del dissesto idrogeologico e l\u00ec le concessioni edilizie non sono state pi\u00f9 concesse\u201d \u2013 e a questo punto arriva la frase incriminante \u2013 \u201cSe vogliamo fare polemica perch\u00e9 voi lo volete approvare, voi che avete avuto pressioni da quell\u2019imprenditore\u2026\u201d A questo punto le urla coprono le parole di Tundo: alcuni consiglieri di maggioranza, appena udita quella frase, hanno perso le staffe e sono intervenuti a gran voce. Il Sindaco richiama nuovamente all\u2019ordine e Tundo riprende la parola, apparentemente ravvedutosi per quanto affermato: \u201cIo ritiro la parola chiedendo scusa. Vi ho spiegato le motivazioni e su queste andiamo avanti per vedere nella massima trasparenza e legalit\u00e0 il provvedimento\u201d.<\/p>\n<p style=\"text-align: justify;\" align=\"justify\">Sulla questione, interviene anche Coppi: \u201cLa questione irrita perch\u00e9 qui si parla di rispetto delle leggi come se ci fosse qualcuno da questa parte a non rispettarle, mentre purtroppo, all\u2019origine di tutta questa storia c\u2019\u00e8 l\u2019adozione di una lottizzazione in un modo un po\u2019 anomalo, perch\u00e9 il parere l\u2019imprenditore l\u2019avrebbe dovuto avere prima dell\u2019adozione. Quindi cerchiamo di moderare il linguaggio e di non lasciarci andare a pure illazioni. Noi non siamo sensibili a pressioni che non sono nemmeno state fatte\u201d. A questo punto introduce la proposta che la maggioranza fa e che andr\u00e0 a votare di l\u00ec a poco: in questa fase, individuare un tecnico idraulico che supporti ufficio tecnico comunale nella rilevazione di tutto questo procedimento, al fine di rilevare se il lavoro fatto \u00e8 anche nell\u2019interesse pubblico, o se c\u2019\u00e8 qualcosa su cui obiettare. La necessit\u00e0 di un simile atto viene motivata dal fatto che oltre la zona di via Schumann, vengono coinvolti molti cittadini di aree abitate e non abitate in diverse parti del paese, che dal PUG sono ritenute edificabili. Inoltre il sindaco Coppi accetta le scuse di Tundo, ma sottolinea: \u201cAvresti potuto intervenire anche sul PUG e dire le stesse cose che hai detto qua, che quell\u2019area non \u00e8 edificabile\u201d.<\/p>\n<p style=\"text-align: justify;\" align=\"justify\">La proposta viene votata solo dalla maggioranza: Birardi e Topputi in quel momento non sono in aula, la Volpicella e Tundo si astengono, cos\u00ec come Laera, che nella dichiarazione di voto, esprime le sue perplessit\u00e0: \u201cSolo adesso, dietro sollecitazione della minoranza, si va ad identificare un tecnico. Credo che questa sia un\u2019azione amministrativa che non abbia molto senso di responsabilit\u00e0 per quello che pu\u00f2 essere il rischio idrogeologico\u2026 oppure \u00e8 stato sottovalutato\u201d.<\/p>\n","protected":false},"excerpt":{"rendered":"<p><img loading=\"lazy\" decoding=\"async\" src=\"https:\/\/farm8.staticflickr.com\/7288\/16144240714_25185dedb2_n.jpg\" alt=\"Il Consiglio Comunale 6 03 20156\" height=\"213\" width=\"320\" \/><\/p>\n","protected":false},"author":1,"featured_media":0,"comment_status":"open","ping_status":"closed","sticky":false,"template":"","format":"standard","meta":{"colormag_page_container_layout":"default_layout","colormag_page_sidebar_layout":"default_layout","footnotes":""},"categories":[4],"tags":[],"class_list":["post-12864","post","type-post","status-publish","format-standard","hentry","category-politica"],"_links":{"self":[{"href":"https:\/\/archivioturi.lavocedelpaese.info\/index.php\/wp-json\/wp\/v2\/posts\/12864","targetHints":{"allow":["GET"]}}],"collection":[{"href":"https:\/\/archivioturi.lavocedelpaese.info\/index.php\/wp-json\/wp\/v2\/posts"}],"about":[{"href":"https:\/\/archivioturi.lavocedelpaese.info\/index.php\/wp-json\/wp\/v2\/types\/post"}],"author":[{"embeddable":true,"href":"https:\/\/archivioturi.lavocedelpaese.info\/index.php\/wp-json\/wp\/v2\/users\/1"}],"replies":[{"embeddable":true,"href":"https:\/\/archivioturi.lavocedelpaese.info\/index.php\/wp-json\/wp\/v2\/comments?post=12864"}],"version-history":[{"count":0,"href":"https:\/\/archivioturi.lavocedelpaese.info\/index.php\/wp-json\/wp\/v2\/posts\/12864\/revisions"}],"wp:attachment":[{"href":"https:\/\/archivioturi.lavocedelpaese.info\/index.php\/wp-json\/wp\/v2\/media?parent=12864"}],"wp:term":[{"taxonomy":"category","embeddable":true,"href":"https:\/\/archivioturi.lavocedelpaese.info\/index.php\/wp-json\/wp\/v2\/categories?post=12864"},{"taxonomy":"post_tag","embeddable":true,"href":"https:\/\/archivioturi.lavocedelpaese.info\/index.php\/wp-json\/wp\/v2\/tags?post=12864"}],"curies":[{"name":"wp","href":"https:\/\/api.w.org\/{rel}","templated":true}]}}