{"id":12863,"date":"2015-03-16T18:24:40","date_gmt":"2015-03-16T18:24:40","guid":{"rendered":"https:\/\/archivioturi.lavocedelpaese.info\/index.php\/2015\/03\/16\/unione-di-comuni-approvato-latto-di-indirizzo-politico\/"},"modified":"2015-03-16T18:24:40","modified_gmt":"2015-03-16T18:24:40","slug":"unione-di-comuni-approvato-latto-di-indirizzo-politico","status":"publish","type":"post","link":"https:\/\/archivioturi.lavocedelpaese.info\/index.php\/2015\/03\/16\/unione-di-comuni-approvato-latto-di-indirizzo-politico\/","title":{"rendered":"Unione di Comuni: approvato l\u2019atto di indirizzo politico"},"content":{"rendered":"<p><img loading=\"lazy\" decoding=\"async\" src=\"https:\/\/farm8.staticflickr.com\/7642\/16558265007_80afda1304_n.jpg\" alt=\"Sindaco Menino Coppi1\" height=\"213\" width=\"320\" \/><\/p>\n<p style=\"text-align: justify;\">Durante il Consiglio Comunale \u00e8 stato votato all\u2019unanimit\u00e0 l\u2019atto di indirizzo politico per la costituzione dell\u2019Unione di Comuni. Naturalmente la partecipazione di Turi non \u00e8 vincolata, nel senso che in qualsiasi momento ne vorr\u00e0 uscire, lo potr\u00e0 fare. Il Sindaco o un suo delegato guider\u00e0 due consiglieri, di cui uno espressione dei gruppi di maggioranza ed uno espressione dei gruppi di minoranza, a contribuire ai contenuti politici dello statuto dell\u2019unione e alla predisposizione degli atti giuridici necessari. Rimane aperta la questione dello Statuto, per cui si andr\u00e0 a discutere come l\u2019Associazione sar\u00e0 costituita e quali servizi mettere in comune e che verr\u00e0 approvato entro la fine di marzo.<br \/>Ricordiamo che i sette comuni che per ora si sono dimostrati disponibili a far parte di questa Unione di Comuni, sono Turi, Sammichele, Gioia del Colle, Putignano, Castellana, Noci e Alberobello.<br \/>Si \u00e8 voluto mantenere l\u2019associazione confinata ai territori rientranti nell\u2019Area metropolitana. Per questo, vari dubbi sono sorti per quei comuni vicini anche ad altre realt\u00e0: \u00e8 il caso, ad esempio, di Locorotondo che ha deciso di non entrare a farne parte oppure di farlo in un secondo momento. Discorso simile per Casamassima, la cui assenza \u00e8 dovuta al commissariamento, la quale, eventualmente, subentrer\u00e0 dopo le amministrative che daranno alla cittadina il nuovo sindaco.<br \/>Sembrerebbe, inoltre, che anche i comuni di Polignano, Rutigliano, Conversano e Mola di Bari abbiano tentato una simile impresa, senza ottenere risultati: \u00e8 molto probabile che in futuro anche alcuni di questi comuni possano unirsi ai sette che hanno gi\u00e0 aderto.<\/p>\n","protected":false},"excerpt":{"rendered":"<p><img loading=\"lazy\" decoding=\"async\" src=\"https:\/\/farm8.staticflickr.com\/7642\/16558265007_80afda1304_n.jpg\" alt=\"Sindaco Menino Coppi1\" height=\"213\" width=\"320\" \/><\/p>\n","protected":false},"author":1,"featured_media":0,"comment_status":"open","ping_status":"closed","sticky":false,"template":"","format":"standard","meta":{"colormag_page_container_layout":"default_layout","colormag_page_sidebar_layout":"default_layout","footnotes":""},"categories":[4],"tags":[],"class_list":["post-12863","post","type-post","status-publish","format-standard","hentry","category-politica"],"_links":{"self":[{"href":"https:\/\/archivioturi.lavocedelpaese.info\/index.php\/wp-json\/wp\/v2\/posts\/12863","targetHints":{"allow":["GET"]}}],"collection":[{"href":"https:\/\/archivioturi.lavocedelpaese.info\/index.php\/wp-json\/wp\/v2\/posts"}],"about":[{"href":"https:\/\/archivioturi.lavocedelpaese.info\/index.php\/wp-json\/wp\/v2\/types\/post"}],"author":[{"embeddable":true,"href":"https:\/\/archivioturi.lavocedelpaese.info\/index.php\/wp-json\/wp\/v2\/users\/1"}],"replies":[{"embeddable":true,"href":"https:\/\/archivioturi.lavocedelpaese.info\/index.php\/wp-json\/wp\/v2\/comments?post=12863"}],"version-history":[{"count":0,"href":"https:\/\/archivioturi.lavocedelpaese.info\/index.php\/wp-json\/wp\/v2\/posts\/12863\/revisions"}],"wp:attachment":[{"href":"https:\/\/archivioturi.lavocedelpaese.info\/index.php\/wp-json\/wp\/v2\/media?parent=12863"}],"wp:term":[{"taxonomy":"category","embeddable":true,"href":"https:\/\/archivioturi.lavocedelpaese.info\/index.php\/wp-json\/wp\/v2\/categories?post=12863"},{"taxonomy":"post_tag","embeddable":true,"href":"https:\/\/archivioturi.lavocedelpaese.info\/index.php\/wp-json\/wp\/v2\/tags?post=12863"}],"curies":[{"name":"wp","href":"https:\/\/api.w.org\/{rel}","templated":true}]}}