{"id":12862,"date":"2015-03-17T10:13:51","date_gmt":"2015-03-17T10:13:51","guid":{"rendered":"https:\/\/archivioturi.lavocedelpaese.info\/index.php\/2015\/03\/17\/emiliano-a-turi-per-la-nuova-sede-del-pd\/"},"modified":"2015-03-17T10:13:51","modified_gmt":"2015-03-17T10:13:51","slug":"emiliano-a-turi-per-la-nuova-sede-del-pd","status":"publish","type":"post","link":"https:\/\/archivioturi.lavocedelpaese.info\/index.php\/2015\/03\/17\/emiliano-a-turi-per-la-nuova-sede-del-pd\/","title":{"rendered":"Emiliano a Turi per la nuova sede del PD"},"content":{"rendered":"<p><img loading=\"lazy\" decoding=\"async\" src=\"https:\/\/farm8.staticflickr.com\/7642\/16644683208_1bf0babbf5_n.jpg\" alt=\".\" height=\"165\" width=\"320\" \/><\/p>\n<p style=\"text-align: justify;\">Il vento di rinnovamento del Partito Democratico di Turi non ha smesso di soffiare. Dopo la nomina a segretario dell\u2019avv. Giuseppe Gravinese e la costituzione del nuovo coordinamento, il circolo si \u00e8 dotato anche di una nuova sede pi\u00f9 grande, in via Maggiore Olrandi n. 10, che \u00e8 stata inaugurata domenica 8 marzo. Per l\u2019occasione sono intervenuti il Segretario regionale del PD, nonch\u00e9 candidato alla presidenza della Regione Puglia, il dott. Michele Emiliano, e il Segretario provinciale Ubaldo Pagano. A fare gli onori di casa, ci hanno pensato naturalmente il Segretario locale Giuseppe Gravinese e il sindaco Menino Coppi, insieme a tutto il coordinamento e ai tesserati. <br \/>Dopo una breve presentazione, il primo ad intervenire \u00e8 stato Gravinese, il quale ha posto l\u2019accento sui nuovi importanti numeri del partito e sul nuovo coordinamento, composto da venti persone: questo soddisfacente afflusso di nuove tessere ha reso necessaria una sede pi\u00f9 ampia, per garantire una migliore logistica. Essendo l\u20198 marzo, non \u00e8 mancato il ricordo alla figura della donna, valorizzata all\u2019interno del coordinamento, dove si \u00e8 rispettata la parit\u00e0 di genere. Per Gravinese, la nuova sede dovr\u00e0 essere un \u201craccoglitore e un filtro delle istanze di tutti\u201d: \u201cVoglio che la cittadinanza sappia che questa sede sar\u00e0 aperta non solo a noi iscritti, ma a tutti coloro che vorranno portare qui delle istanza\u201d. Il partito, inoltre, si impegna ad essere una \u201ccerniera con l\u2019Amministrazione\u201d per quei provvedimenti sentiti dalla gente. \u201cCi impegneremo \u2013 assicura infine \u2013&nbsp; affinch\u00e9 nella prossima competizione elettorale, a maggio, questo paese dia un contributo importante per l\u2019elezione del presidente della Regione\u201d.<br \/>Anche Ubaldo Pagano sottolinea l\u2019impegno delle donne: \u201cMi piace ricordare il sacrificio delle operaie di Barletta che, senza alcun tipo di tutela, lavoravano in un laboratorio sotterraneo per dodici ore al giorno. Penso che lo dobbiamo alle tante donne che, molto spesso, con tanto sacrificio, non solo sono linfa vitale per il mondo produttivo, ma mandano avanti le nostre famiglie e ci permettono molto spesso anche di coltivare le nostre passioni politiche\u201d. Torna poi indietro nel tempo, alle elezioni amministrative dello scorso anno e confida che si \u00e8 trattata di una vittoria elettorale su cui pochissimi avrebbero scommesso. \u201cCon Menino abbiamo fatto moltissimi sforzi\u201d \u2013 confessa, ripercorrendo brevemente il \u201cdisastro\u201d seguito alle dimissioni del ex segretario Annarita Rossi, disastro divenuto poi \u201copportunit\u00e0\u201d. Non \u00e8 mancato, in questo caso, il ringraziamento all\u2019ex commissario Saverio Campanella. Conclude ribadendo l\u2019importanza della creazione di una rete sul territorio, \u201cbisogna entrare in contatto con i circoli dei comuni limitrofi\u201d &#8211; conclude.<br \/>&nbsp;\u201cQuesta \u00e8 una bellissima serata \u2013 esordisce il sindaco Coppi \u2013 \u00e8 come un sogno che si realizza, finalmente a Turi abbiamo un Partito Democratico che non \u00e8 di nicchia: \u00e8 un partito di popolo, non di pochi\u201d. Parla poi del vecchio gruppo dirigente che ha sempre puntato al nuovo, che ha sempre guardato avanti. \u201cNon si pu\u00f2 pensare al passato solo al negativo \u2013 aggiunge \u2013 la nostra saggezza ci deve portare a prendere dal passato ci\u00f2 che ci serve per il futuro\u201d. Non a caso afferma: \u201cTutte le pietre servono a fare la parete\u201d, nel senso che \u201ctutti qui abbiamo un valore e tutti qui rappresentiamo qualcosa\u201d. Ribadisce, infine, come aveva gi\u00e0 fatto in altre occasioni, l\u2019importanza del partito quale connettore con l\u2019esterno, una finestra fuori dalla macchina amministrativa.<br \/>Il segretario regionale Michele Emiliano osserva con soddisfazione la folla accorsa nella nuova sede del PD e come un padre spiega di custodire bene questo risultato, \u201cFate in modo che non sia solo un fruscio di scopa nuova, dobbiamo provare a dare una durata alle cose buone che abbiamo realizzato e a passarle addirittura alle generazioni successive\u201d. Questo \u00e8 uno dei sensi della politica e non il ritorno di interessi privati. Anche lui torna sulla vittoria elettorale di Coppi e afferma: \u201cLa sorpresa \u00e8 stata quando mi avete detto che avevate vinto. E come hanno fatto a vincere? Mi sono chiesto. Io ero un po\u2019 abbattuto e temevo che questa citt\u00e0, come le altre, fosse irrimediabilmente consegnata a quella logica della destra\u201d. Poi il suo discorso si allarga, sconfinando dal nostro paese e abbracciando tematiche pi\u00f9 regionali: \u201cL\u2019avversario politico spera in una spaccatura del centrosinistra\u201d, \u201cabbiamo fatto certo arrabbiare qualcuno\u201d &#8211; riferendosi a Sel &#8211; \u201cper\u00f2 abbiamo avuto un rapporto con queste persone che \u00e8 unico al mondo. Spiegate loro che noi abbiamo votato il loro candidato alle primarie per due volte, lo abbiamo eletto Presidente della Regione per due volte, lo abbiamo sostenuto lealmente per dieci anni, senza mai fargli uno scherzo\u201d. \u201cDobbiamo spiegare ai nostri compagni della Puglia Pi\u00f9 \u2013 cos\u00ec si chiamer\u00e0 la lista di Emiliano &#8211;&nbsp; che il PD ha saputo recitare questo ruolo del fratello grande che spesso taceva volentieri di fronte a un carisma, di fronte ad una capacit\u00e0 di indirizzo politico che noi abbiamo custodito. Come noi abbiamo fatto questo per dieci anni, loro possono farlo per cinque\u201d. Da qui passa all\u2019importanza del gioco di squadra, \u201cil PD non \u00e8 un partito che si protegge, non \u00e8 un fortino\u201d \u2013 afferma \u2013 \u201cc\u2019\u00e8 bisogno della partecipazione attiva dei cittadini. Smetteremo di finanziare i partiti, perch\u00e9 vorremmo finanziare la politica attraverso la partecipazione\u201d. Dalla partecipazione, passa alla sanit\u00e0: \u201cVogliamo fare una legge che tolga la possibilit\u00e0 ai politici di valutare il merito dei soggetti che operano nella sanit\u00e0, vogliamo liberare medici, infermieri e direttori generali, perch\u00e9 non \u00e8 possibile che un bravo medico debba avere tra i piedi un consigliere regionale che determina la sua carriera, non \u00e8 possibile che un buon manager della sanit\u00e0 debba essere nominato e debba avere sulla fronte il timbro, non solo del partito, ma pure dello specifico consigliere che in qualche modo lo ha eletto\u201d. Ritorna anche sulla legge elettorale, che nello specifico della parit\u00e0 di genere definisce un \u201corrore\u201d. Cos\u00ec, dopo aver scelto sei capolista donne del Partito Democratico, ha invitato apertamente a votare soprattutto le donne: \u201cIo far\u00f2 campagna elettorale, dritto per dritto, chiedendo a tutti i militanti del partito di votare il pi\u00f9 possibile le donne\u201d. \u201cLa concezione tutta italica che la politica sia riservata agli uomini \u00e8 sbagliata\u201d. Conclude sottolineando l\u2019importanza e il duro lavoro del Partito Democratico dall\u2019ambito locale fino a quello nazionale: \u201cSiamo il partito pi\u00f9 importante della sinistra europea, abbiamo finalmente preso l\u2019Italia per mano e la stiamo cambiando, con tantissime difficolt\u00e0 e contraddizioni\u201d.<\/p>\n<p><object height=\"480\" width=\"640\"><param name=\"flashvars\" value=\"offsite=true&amp;lang=it-it&amp;page_show_url=%2Fphotos%2F91470992%40N02%2Fsets%2F72157650970705410%2Fshow%2F&amp;page_show_back_url=%2Fphotos%2F91470992%40N02%2Fsets%2F72157650970705410%2F&amp;set_id=72157650970705410&amp;jump_to=\" \/><param name=\"movie\" value=\"https:\/\/www.flickr.com\/apps\/slideshow\/show.swf?v=1811922554\" \/><param name=\"allowFullScreen\" value=\"true\" \/><embed type=\"application\/x-shockwave-flash\" src=\"https:\/\/www.flickr.com\/apps\/slideshow\/show.swf?v=1811922554\" allowfullscreen=\"true\" flashvars=\"offsite=true&amp;lang=it-it&amp;page_show_url=%2Fphotos%2F91470992%40N02%2Fsets%2F72157650970705410%2Fshow%2F&amp;page_show_back_url=%2Fphotos%2F91470992%40N02%2Fsets%2F72157650970705410%2F&amp;set_id=72157650970705410&amp;jump_to=\" height=\"480\" width=\"640\" \/><\/object><\/p>\n","protected":false},"excerpt":{"rendered":"<p><img loading=\"lazy\" decoding=\"async\" src=\"https:\/\/farm8.staticflickr.com\/7642\/16644683208_1bf0babbf5_n.jpg\" alt=\".\" height=\"165\" width=\"320\" \/><\/p>\n","protected":false},"author":1,"featured_media":0,"comment_status":"open","ping_status":"closed","sticky":false,"template":"","format":"standard","meta":{"colormag_page_container_layout":"default_layout","colormag_page_sidebar_layout":"default_layout","footnotes":""},"categories":[4],"tags":[],"class_list":["post-12862","post","type-post","status-publish","format-standard","hentry","category-politica"],"_links":{"self":[{"href":"https:\/\/archivioturi.lavocedelpaese.info\/index.php\/wp-json\/wp\/v2\/posts\/12862","targetHints":{"allow":["GET"]}}],"collection":[{"href":"https:\/\/archivioturi.lavocedelpaese.info\/index.php\/wp-json\/wp\/v2\/posts"}],"about":[{"href":"https:\/\/archivioturi.lavocedelpaese.info\/index.php\/wp-json\/wp\/v2\/types\/post"}],"author":[{"embeddable":true,"href":"https:\/\/archivioturi.lavocedelpaese.info\/index.php\/wp-json\/wp\/v2\/users\/1"}],"replies":[{"embeddable":true,"href":"https:\/\/archivioturi.lavocedelpaese.info\/index.php\/wp-json\/wp\/v2\/comments?post=12862"}],"version-history":[{"count":0,"href":"https:\/\/archivioturi.lavocedelpaese.info\/index.php\/wp-json\/wp\/v2\/posts\/12862\/revisions"}],"wp:attachment":[{"href":"https:\/\/archivioturi.lavocedelpaese.info\/index.php\/wp-json\/wp\/v2\/media?parent=12862"}],"wp:term":[{"taxonomy":"category","embeddable":true,"href":"https:\/\/archivioturi.lavocedelpaese.info\/index.php\/wp-json\/wp\/v2\/categories?post=12862"},{"taxonomy":"post_tag","embeddable":true,"href":"https:\/\/archivioturi.lavocedelpaese.info\/index.php\/wp-json\/wp\/v2\/tags?post=12862"}],"curies":[{"name":"wp","href":"https:\/\/api.w.org\/{rel}","templated":true}]}}