{"id":12838,"date":"2015-03-18T09:41:53","date_gmt":"2015-03-18T09:41:53","guid":{"rendered":"https:\/\/archivioturi.lavocedelpaese.info\/index.php\/2015\/03\/18\/dacia-maraini-a-turi\/"},"modified":"2015-03-18T09:41:53","modified_gmt":"2015-03-18T09:41:53","slug":"dacia-maraini-a-turi","status":"publish","type":"post","link":"https:\/\/archivioturi.lavocedelpaese.info\/index.php\/2015\/03\/18\/dacia-maraini-a-turi\/","title":{"rendered":"Dacia Maraini a Turi"},"content":{"rendered":"<p><img loading=\"lazy\" decoding=\"async\" src=\"https:\/\/farm8.staticflickr.com\/7635\/16752938781_373ea668f1_n.jpg\" alt=\"Dacia Maraini invito2\" height=\"195\" width=\"320\" \/><\/p>\n<p style=\"text-align: justify;\">La Giornata internazionale della donna, comunemente definita Festa della donna, ricorre l&#8217;8 marzo di ogni anno, per ricordare sia le conquiste sociali, politiche ed economiche delle donne, sia le discriminazioni e le violenze cui sono ancora oggetto in molte parti del mondo. Questa celebrazione si \u00e8 tenuta per la prima volta negli Stati Uniti nel 1909, in alcuni paesi europei nel 1911 e in Italia nel 1922, dove si svolge ancora. La Libreria Eleutera ha deciso di condividere le sue riflessioni con una grande straordinaria autrice: Dacia MarainiI, che ospiter\u00e0 nel suo salotto il&nbsp; prossimo 19 marzo, dalle ore 18,00. \u00c8 gradita massima puntualit\u00e0.<br \/>Durante la serata, si parler\u00e0 di &#8220;Chiara D&#8217;Assisi&#8221; (Rizzoli), ultimo lavoro letterario dell&#8217;autrice. Ha appena dodici anni, Chiara, quando ad Assisi Francesco il &#8220;matto&#8221; si spoglia delle sue vesti e resta nudo davanti al vescovo e alla citt\u00e0 tutta. Lei \u00e8 bella, di famiglia nobilissima e destinata a un matrimonio importante, ma da quel giorno la sua vita non sar\u00e0 pi\u00f9 la stessa, accesa dal fuoco della chiamata. Ha deciso, Chiara: seguir\u00e0 quel trentenne scandaloso e la sua compagnia, e come lui si ritirer\u00e0 dal mondo. Il libro sfugge alle maglie della biografia per farsi incontro e poi scontro tra due grandi donne, lontane nel tempo ma legate indissolubilmente dal coraggio di esprimere le proprie inquietudini e le proprie idee. Ieri come oggi, in un mondo dominato dalle leggi degli uomini.<\/p>\n<p><img loading=\"lazy\" decoding=\"async\" src=\"https:\/\/farm8.staticflickr.com\/7287\/16754111135_e566fe52fb_z.jpg\" alt=\"Dacia Maraini invito1\" height=\"640\" width=\"480\" \/><\/p>\n","protected":false},"excerpt":{"rendered":"<p><img loading=\"lazy\" decoding=\"async\" src=\"https:\/\/farm8.staticflickr.com\/7635\/16752938781_373ea668f1_n.jpg\" alt=\"Dacia Maraini invito2\" height=\"195\" width=\"320\" \/><\/p>\n","protected":false},"author":1,"featured_media":0,"comment_status":"open","ping_status":"closed","sticky":false,"template":"","format":"standard","meta":{"colormag_page_container_layout":"default_layout","colormag_page_sidebar_layout":"default_layout","footnotes":""},"categories":[6],"tags":[],"class_list":["post-12838","post","type-post","status-publish","format-standard","hentry","category-cultura"],"_links":{"self":[{"href":"https:\/\/archivioturi.lavocedelpaese.info\/index.php\/wp-json\/wp\/v2\/posts\/12838","targetHints":{"allow":["GET"]}}],"collection":[{"href":"https:\/\/archivioturi.lavocedelpaese.info\/index.php\/wp-json\/wp\/v2\/posts"}],"about":[{"href":"https:\/\/archivioturi.lavocedelpaese.info\/index.php\/wp-json\/wp\/v2\/types\/post"}],"author":[{"embeddable":true,"href":"https:\/\/archivioturi.lavocedelpaese.info\/index.php\/wp-json\/wp\/v2\/users\/1"}],"replies":[{"embeddable":true,"href":"https:\/\/archivioturi.lavocedelpaese.info\/index.php\/wp-json\/wp\/v2\/comments?post=12838"}],"version-history":[{"count":0,"href":"https:\/\/archivioturi.lavocedelpaese.info\/index.php\/wp-json\/wp\/v2\/posts\/12838\/revisions"}],"wp:attachment":[{"href":"https:\/\/archivioturi.lavocedelpaese.info\/index.php\/wp-json\/wp\/v2\/media?parent=12838"}],"wp:term":[{"taxonomy":"category","embeddable":true,"href":"https:\/\/archivioturi.lavocedelpaese.info\/index.php\/wp-json\/wp\/v2\/categories?post=12838"},{"taxonomy":"post_tag","embeddable":true,"href":"https:\/\/archivioturi.lavocedelpaese.info\/index.php\/wp-json\/wp\/v2\/tags?post=12838"}],"curies":[{"name":"wp","href":"https:\/\/api.w.org\/{rel}","templated":true}]}}