{"id":12832,"date":"2015-03-12T08:15:15","date_gmt":"2015-03-12T08:15:15","guid":{"rendered":"https:\/\/archivioturi.lavocedelpaese.info\/index.php\/2015\/03\/12\/sportello-europa-a-turi\/"},"modified":"2015-03-12T08:15:15","modified_gmt":"2015-03-12T08:15:15","slug":"sportello-europa-a-turi","status":"publish","type":"post","link":"https:\/\/archivioturi.lavocedelpaese.info\/index.php\/2015\/03\/12\/sportello-europa-a-turi\/","title":{"rendered":"Sportello Europa a Turi"},"content":{"rendered":"<p><img loading=\"lazy\" decoding=\"async\" src=\"https:\/\/farm8.staticflickr.com\/7628\/16122205024_02c03abfca_m.jpg\" alt=\"1511054_1390080841301203_3748179764368824408_n\" height=\"240\" width=\"180\" \/><\/p>\n<p style=\"text-align: justify;\" class=\"western\" align=\"justify\">Nell&#8217;ambito del progetto Plab, finalizzato all\u2019attivazione di servizi per la Rete Intercomunale dei Laboratori Urbani dei Comuni di Casamassima, Turi e Sammichele, prosegue l&#8217;attivit\u00e0 dello <b>sportello Europa<\/b> ubicato presso la <b>Biblioteca comunale di Turi<\/b> e partito gi\u00e0 nel mese di gennaio.<br \/>Scopo dello sportello \u00e8 quello di offrire informazioni e counselling ai cittadini del Comune di Turi, per supportarli nelle&nbsp;scelte formative e professionali, sostenerli nella&nbsp;ricerca attiva di lavoro o, semplicemente, permettere di valorizzare il proprio tempo libero.<\/p>\n<p style=\"text-align: justify;\" class=\"western\" align=\"justify\">Nello specifico, i servizi offerti dallo sportello forniscono ai cittadini informazioni su: <br \/>mobilit\u00e0 internazionale,&nbsp;mercato del lavoro e professioni, creazione, sviluppo di impresa e lavoro autonomo, progettazione per l\u2019accesso ad opportunit\u00e0 e contributi, progetti, bandi ed iniziative<b> <\/b>dell\u2019UE.<\/p>\n<p style=\"text-align: justify;\">\u00c8 possibile, inoltre, usufruire di consulenza individuale e di gruppo su:<\/p>\n<p style=\"text-align: justify;\">&nbsp;<\/p>\n<ul style=\"text-align: justify;\">\n<li>\n<p class=\"western\" align=\"justify\"><b>inserimento e sviluppo professionale<\/b>: analisi delle competenze, sviluppo di progetti professionali e personali per l\u2019inserimento\/reinserimento lavorativo, supporto alla ricerca attiva di lavoro;<\/p>\n<\/li>\n<li>\n<p class=\"western\" align=\"justify\"><b>mobilit\u00e0 europea<\/b>: ausilio nell\u2019individuazione di opportunit\u00e0 di scambio\/supporto alla progettazione;<\/p>\n<\/li>\n<li>\n<p class=\"western\" align=\"justify\"><b>creazione di impresa e autoimpiego<\/b>, analisi di pre-fattibilit\u00e0 e supporto allo sviluppo del business plan, individuazione di opportunit\u00e0 di finanziamento ed accompagnamento allo start up e sviluppo di impresa.<\/p>\n<\/li>\n<\/ul>\n<p style=\"text-align: justify;\">&nbsp;<\/p>\n<p style=\"text-align: justify;\" class=\"western\" align=\"justify\">Il progetto Plab nasce come successivo step del Piano integrato di sviluppo territoriale (Pist) che ha permesso ai Comuni aderenti di utilizzare fondi europei per riqualificare tre luoghi di grande pregio architettonico: l\u2019ex Convento delle Clarisse a Turi, l\u2019ex Convento delle Monacelle a Casamassima ed i Giardini del Castello Caracciolo, le adiacenti Aula civica e Torre dell\u2019Orologio a Sammichele.<\/p>\n<p style=\"text-align: justify;\">Plab, attraverso la Rete dei Laboratori Urbani, costituir\u00e0 un vero e proprio Urban center diffuso che a breve avvier\u00e0 una Scuola di Comunit\u00e0, unica per i tre paesi ed altri eventi di interesse per i cittadini, al fine di riattivare e rigenerare le storiche relazioni esistenti tra i nuclei urbani storici ed i territori.<\/p>\n<p style=\"text-align: justify;\">Il progetto Plab \u00e8 gestito in RTI da Informa scarl, Genius Loci, Learning Cities.<\/p>\n<p style=\"text-align: justify;\" class=\"western\" align=\"justify\">Lo sportello Europa del Comune di Turi ha sede presso la Biblioteca comunale ed \u00e8 attivo nelle seguenti giornate: <b>luned\u00ec dalle ore 9.00 alle ore13.00<\/b> e <b>marted\u00ec dalle ore 14.00 alle ore 18.00<\/b>.<\/p>\n<p style=\"text-align: justify;\" class=\"western\" align=\"justify\">Invitiamo tutti i cittadini interessati ad usufruire dei servizi e delle attivit\u00e0 di consulenza messi a disposizione.<\/p>\n","protected":false},"excerpt":{"rendered":"<p><img loading=\"lazy\" decoding=\"async\" src=\"https:\/\/farm8.staticflickr.com\/7628\/16122205024_02c03abfca_m.jpg\" alt=\"1511054_1390080841301203_3748179764368824408_n\" height=\"240\" width=\"180\" \/><\/p>\n","protected":false},"author":1,"featured_media":0,"comment_status":"open","ping_status":"closed","sticky":false,"template":"","format":"standard","meta":{"colormag_page_container_layout":"default_layout","colormag_page_sidebar_layout":"default_layout","footnotes":""},"categories":[7],"tags":[],"class_list":["post-12832","post","type-post","status-publish","format-standard","hentry","category-attualita"],"_links":{"self":[{"href":"https:\/\/archivioturi.lavocedelpaese.info\/index.php\/wp-json\/wp\/v2\/posts\/12832","targetHints":{"allow":["GET"]}}],"collection":[{"href":"https:\/\/archivioturi.lavocedelpaese.info\/index.php\/wp-json\/wp\/v2\/posts"}],"about":[{"href":"https:\/\/archivioturi.lavocedelpaese.info\/index.php\/wp-json\/wp\/v2\/types\/post"}],"author":[{"embeddable":true,"href":"https:\/\/archivioturi.lavocedelpaese.info\/index.php\/wp-json\/wp\/v2\/users\/1"}],"replies":[{"embeddable":true,"href":"https:\/\/archivioturi.lavocedelpaese.info\/index.php\/wp-json\/wp\/v2\/comments?post=12832"}],"version-history":[{"count":0,"href":"https:\/\/archivioturi.lavocedelpaese.info\/index.php\/wp-json\/wp\/v2\/posts\/12832\/revisions"}],"wp:attachment":[{"href":"https:\/\/archivioturi.lavocedelpaese.info\/index.php\/wp-json\/wp\/v2\/media?parent=12832"}],"wp:term":[{"taxonomy":"category","embeddable":true,"href":"https:\/\/archivioturi.lavocedelpaese.info\/index.php\/wp-json\/wp\/v2\/categories?post=12832"},{"taxonomy":"post_tag","embeddable":true,"href":"https:\/\/archivioturi.lavocedelpaese.info\/index.php\/wp-json\/wp\/v2\/tags?post=12832"}],"curies":[{"name":"wp","href":"https:\/\/api.w.org\/{rel}","templated":true}]}}