{"id":12829,"date":"2015-03-11T11:38:07","date_gmt":"2015-03-11T11:38:07","guid":{"rendered":"https:\/\/archivioturi.lavocedelpaese.info\/index.php\/2015\/03\/11\/fratelli-ditalia-non-e-un-partito-che-riserva-sorprese\/"},"modified":"2015-03-11T11:38:07","modified_gmt":"2015-03-11T11:38:07","slug":"fratelli-ditalia-non-e-un-partito-che-riserva-sorprese","status":"publish","type":"post","link":"https:\/\/archivioturi.lavocedelpaese.info\/index.php\/2015\/03\/11\/fratelli-ditalia-non-e-un-partito-che-riserva-sorprese\/","title":{"rendered":"\u201cFratelli d\u2019Italia non \u00e8 un partito che riserva sorprese\u201d"},"content":{"rendered":"<p><img loading=\"lazy\" decoding=\"async\" src=\"https:\/\/farm9.staticflickr.com\/8573\/16743689055_a63e650bf1_m.jpg\" alt=\"Sandro Laera\" height=\"240\" width=\"180\" \/><\/p>\n<p style=\"text-align: justify;\" align=\"justify\">Sandro Laera, Paolo Tundo e Matteo Fiorente: questi i primi nomi venuti fuori dal totoregionali iniziato gi\u00e0 da qualche settimana. Se la candidatura di Paolo Tundo \u00e8 ancora un punto interrogativo, sembra essere certa invece \u2013 perlomeno da quanto ci ha riferito in una precedente intervista \u2013 quella di Fiorente, gi\u00e0 in lista con Alternativa Comunista. Per quanto riguarda invece il consigliere di Fratelli d\u2019Italia, lo stesso, raggiunto al telefono tempo fa, quando la notizia era appena trapelata, non aveva rilasciato commenti, dichiarando che i tempi fossero ancora prematuri per poter confermare una sua scesa in campo.<\/p>\n<p style=\"text-align: justify;\" align=\"justify\">A distanza di pi\u00f9 di un mese, torniamo a fargli la stessa domanda: \u201cDott. Laera, si candider\u00e0 alle regionali?\u201d \u201cLa mia candidatura diventa sempre pi\u00f9 certa \u2013 ci risponde cautamente \u2013. Stiamo cercando di far convergere buona parte del Sud-Est barese su questa candidatura e pare che ci stiamo riuscendo. Aspettiamo ovviamente l\u2019ufficialit\u00e0. Sappiamo bene che in campagna elettorale quando si formano le liste pu\u00f2 accadere di tutto, anche se Fratelli d\u2019Italia non \u00e8 un partito che riserva sorprese. Per questo, a mio avviso, salvo una mia diversa disponibilit\u00e0, non ci dovrebbero essere problemi di alcun tipo. Dipende solo da me e al momento da parte mia c\u2019\u00e8 la piena disponibilit\u00e0\u201d.<\/p>\n<p style=\"text-align: justify;\" align=\"justify\">Infine Laera ci conferma la sua presenza, insieme a quella del coordinatore Giovanni Settanni, alla manifestazione con Giorgia Meloni e Matteo Salvini, che si terr\u00e0 sabato 7 marzo a Venezia per mandare Renzi a casa. Tra i vari temi, si manifester\u00e0 soprattutto a favore della lotta alla corruzione, per la legalit\u00e0 e la sicurezza degli italiani.<\/p>\n","protected":false},"excerpt":{"rendered":"<p><img loading=\"lazy\" decoding=\"async\" src=\"https:\/\/farm9.staticflickr.com\/8573\/16743689055_a63e650bf1_m.jpg\" alt=\"Sandro Laera\" height=\"240\" width=\"180\" \/><\/p>\n","protected":false},"author":1,"featured_media":0,"comment_status":"open","ping_status":"closed","sticky":false,"template":"","format":"standard","meta":{"colormag_page_container_layout":"default_layout","colormag_page_sidebar_layout":"default_layout","footnotes":""},"categories":[4],"tags":[],"class_list":["post-12829","post","type-post","status-publish","format-standard","hentry","category-politica"],"_links":{"self":[{"href":"https:\/\/archivioturi.lavocedelpaese.info\/index.php\/wp-json\/wp\/v2\/posts\/12829","targetHints":{"allow":["GET"]}}],"collection":[{"href":"https:\/\/archivioturi.lavocedelpaese.info\/index.php\/wp-json\/wp\/v2\/posts"}],"about":[{"href":"https:\/\/archivioturi.lavocedelpaese.info\/index.php\/wp-json\/wp\/v2\/types\/post"}],"author":[{"embeddable":true,"href":"https:\/\/archivioturi.lavocedelpaese.info\/index.php\/wp-json\/wp\/v2\/users\/1"}],"replies":[{"embeddable":true,"href":"https:\/\/archivioturi.lavocedelpaese.info\/index.php\/wp-json\/wp\/v2\/comments?post=12829"}],"version-history":[{"count":0,"href":"https:\/\/archivioturi.lavocedelpaese.info\/index.php\/wp-json\/wp\/v2\/posts\/12829\/revisions"}],"wp:attachment":[{"href":"https:\/\/archivioturi.lavocedelpaese.info\/index.php\/wp-json\/wp\/v2\/media?parent=12829"}],"wp:term":[{"taxonomy":"category","embeddable":true,"href":"https:\/\/archivioturi.lavocedelpaese.info\/index.php\/wp-json\/wp\/v2\/categories?post=12829"},{"taxonomy":"post_tag","embeddable":true,"href":"https:\/\/archivioturi.lavocedelpaese.info\/index.php\/wp-json\/wp\/v2\/tags?post=12829"}],"curies":[{"name":"wp","href":"https:\/\/api.w.org\/{rel}","templated":true}]}}