{"id":12827,"date":"2015-03-10T16:26:07","date_gmt":"2015-03-10T16:26:07","guid":{"rendered":"https:\/\/archivioturi.lavocedelpaese.info\/index.php\/2015\/03\/10\/valery-de-grisantis-ci-racconta-il-suo-impegno-politico\/"},"modified":"2015-03-10T16:26:07","modified_gmt":"2015-03-10T16:26:07","slug":"valery-de-grisantis-ci-racconta-il-suo-impegno-politico","status":"publish","type":"post","link":"https:\/\/archivioturi.lavocedelpaese.info\/index.php\/2015\/03\/10\/valery-de-grisantis-ci-racconta-il-suo-impegno-politico\/","title":{"rendered":"Valery De Grisantis ci racconta il suo impegno politico"},"content":{"rendered":"<p><img loading=\"lazy\" decoding=\"async\" src=\"https:\/\/farm8.staticflickr.com\/7289\/16743567155_18520980a3_m.jpg\" alt=\".\" height=\"240\" width=\"110\" \/><\/p>\n<p style=\"text-align: justify;\">Si \u00e8 tenuto il 26 Febbraio scorso il primo Congresso cittadino dei Giovani Democratici che ha eletto il primo segretario del circolo di Turi, Val\u00e8ry De Grisantis, unica candidatura. Ad una settimana dalla sua elezione, abbiamo voluto incontrarlo per conoscerlo meglio e capire quali siano le aspettative del gruppo politico di cui ha appena assunto la guida. Ricordiamo che il partito dei Giovani Democratici, per statuto, non adotta un coordinamento. \u00c8 prevista solo la figura del vice segretario che, in questo caso, \u00e8 Donato Perfido, \u201cingegnere informatico,ma soprattutto un ragazzo che ha molta voglia di fare\u201d \u2013 come ce lo descrive De Grisantis.<br \/><strong>Chi \u00e8 Valery De Grisantis?<\/strong><br \/>\u201cSono un giovane studente universitario. Frequento il corso di laurea in Economia Aziendale\u201d.<br \/>Quando nasce il tuo impegno in politica e perch\u00e8?<br \/>\u201cDa alcuni anni mi interesso di politica locale e nazionale perch\u00e8 mi sono state sempre a cuore le tematiche economiche e sociali\u201d.<br \/><strong>Cosa rappresenta per te il gruppo politico &#8220;Giovani Democratici&#8221;?<\/strong><br \/>\u201cIl gruppo dei Giovani Democratici rappresenta una novit\u00e0 per il nostro paese, un modo per dar voce ai giovani turesi, i quali, se vorranno, potranno contattarci personalmente o tramite il gruppo presente su facebook. Inoltre \u00e8 un\u2019opportunit\u00e0 di crescita a livello di cultura amministrativa\u201d. &nbsp;<br \/><strong>Come ci si sente ad essere il primo segretario dei Giovani Democratici di Turi?<\/strong><br \/>\u201cSicuramente \u00e8 un incarico di responsabilit\u00e0, ma penso che un segretario debba essere esclusivamente il portavoce di un gruppo. Sar\u00e0 importante nei prossimi mesi far s\u00ec che il nostro gruppo sia dinamico, prenda forma con le varie iniziative e che, tramite le stesse, possa far avvicinare gli altri giovani turesi non ancora iscritti al partito\u201d.<br \/><strong>Quali sono i tuoi progetti politici in veste di segretario?<\/strong><br \/>\u201cCon gli altri giovani stiamo gi\u00e0 iniziando a raccogliere idee tra i nostri coetanei per lo sviluppo di un vero e proprio laboratorio politico giovanile, nel quale accostare le tematiche politiche territoriali e nazionali alle nostre passioni.&nbsp; Per far questo nei prossimi giorni ci riuniremo e stabiliremo una calendarizzazione dei nostri eventi. L&#8217;obiettivo sar\u00e0 quello di fare una politica innovativa, propositiva e mirata alla crescita dei giovani della nostra citt\u00e0. La nomenclatura del progetto non \u00e8 stata ancora confermata ma dovrebbe essere LAB.DEM 2.0\u201d.<br \/><strong>Regionali: come affronterete la campagna elettorale?<\/strong><br \/>\u201cQuesta nostra prima campagna elettorale sar\u00e0 per noi un&#8217;occasione per coinvolgere altri giovani .E&#8217; chiaro che voteremo e faremo votare per i candidati del Partito Democratico\u201d.<\/p>\n","protected":false},"excerpt":{"rendered":"<p><img loading=\"lazy\" decoding=\"async\" src=\"https:\/\/farm8.staticflickr.com\/7289\/16743567155_18520980a3_m.jpg\" alt=\".\" height=\"240\" width=\"110\" \/><\/p>\n","protected":false},"author":1,"featured_media":0,"comment_status":"open","ping_status":"closed","sticky":false,"template":"","format":"standard","meta":{"colormag_page_container_layout":"default_layout","colormag_page_sidebar_layout":"default_layout","footnotes":""},"categories":[4],"tags":[],"class_list":["post-12827","post","type-post","status-publish","format-standard","hentry","category-politica"],"_links":{"self":[{"href":"https:\/\/archivioturi.lavocedelpaese.info\/index.php\/wp-json\/wp\/v2\/posts\/12827","targetHints":{"allow":["GET"]}}],"collection":[{"href":"https:\/\/archivioturi.lavocedelpaese.info\/index.php\/wp-json\/wp\/v2\/posts"}],"about":[{"href":"https:\/\/archivioturi.lavocedelpaese.info\/index.php\/wp-json\/wp\/v2\/types\/post"}],"author":[{"embeddable":true,"href":"https:\/\/archivioturi.lavocedelpaese.info\/index.php\/wp-json\/wp\/v2\/users\/1"}],"replies":[{"embeddable":true,"href":"https:\/\/archivioturi.lavocedelpaese.info\/index.php\/wp-json\/wp\/v2\/comments?post=12827"}],"version-history":[{"count":0,"href":"https:\/\/archivioturi.lavocedelpaese.info\/index.php\/wp-json\/wp\/v2\/posts\/12827\/revisions"}],"wp:attachment":[{"href":"https:\/\/archivioturi.lavocedelpaese.info\/index.php\/wp-json\/wp\/v2\/media?parent=12827"}],"wp:term":[{"taxonomy":"category","embeddable":true,"href":"https:\/\/archivioturi.lavocedelpaese.info\/index.php\/wp-json\/wp\/v2\/categories?post=12827"},{"taxonomy":"post_tag","embeddable":true,"href":"https:\/\/archivioturi.lavocedelpaese.info\/index.php\/wp-json\/wp\/v2\/tags?post=12827"}],"curies":[{"name":"wp","href":"https:\/\/api.w.org\/{rel}","templated":true}]}}