{"id":12821,"date":"2015-03-09T08:23:58","date_gmt":"2015-03-09T08:23:58","guid":{"rendered":"https:\/\/archivioturi.lavocedelpaese.info\/index.php\/2015\/03\/09\/il-qgirasoleq-per-la-riqualificazione-dellex-cimitero-dei-colerosi\/"},"modified":"2015-03-09T08:23:58","modified_gmt":"2015-03-09T08:23:58","slug":"il-qgirasoleq-per-la-riqualificazione-dellex-cimitero-dei-colerosi","status":"publish","type":"post","link":"https:\/\/archivioturi.lavocedelpaese.info\/index.php\/2015\/03\/09\/il-qgirasoleq-per-la-riqualificazione-dellex-cimitero-dei-colerosi\/","title":{"rendered":"Il &#8220;Girasole&#8221; per la riqualificazione dell&#8217;ex Cimitero dei Colerosi"},"content":{"rendered":"<p><img loading=\"lazy\" decoding=\"async\" src=\"https:\/\/farm9.staticflickr.com\/8600\/16555100670_90099dc9c8_n.jpg\" alt=\"L'Associazione Girasole\" height=\"212\" width=\"320\" \/><\/p>\n<p style=\"text-align: justify;\" class=\"western\" align=\"justify\">Con Delibera di Giunta Comunale n.19 di fine febbraio, l&#8217;Amministrazione Comunale ha concesso all&#8217;Associazione &#8220;Girasole&#8221;, il partenariato finalizzato alla candidatura e richiesta di finanziamento relativamente al progetto &#8220;Sensi&#8221;, Con tale candidatura, l&#8217;Associaizone parteciper\u00e0 al bando nazionale &#8220;Culturability &#8211; Spazi di innovazione sociale&#8221;, promosso dalla Fondazione Unipolis, volto alla riqualificazione e valorizzazione dell&#8217;area dell&#8217;ex Cimitero dei Colerosi, sita a Turi, in via vecchia Castellana;<\/p>\n<p style=\"text-align: justify;\" class=\"western\" align=\"justify\">Nessun&#8217;altra Associazione o soggetto privato ha presentato al Comune progetti o richieste di partenariato per la partecipazione al suddetto bando al fine di utilizzare la predetta area di propriet\u00e0 comunale.<\/p>\n<p style=\"text-align: justify;\" class=\"western\" align=\"justify\">Il provvedimento non comporta alcun onere finanziario o di gestione da parte del Comune, bens\u00ec, nel caso di finanziamento del progetto a favore dell&#8217;Associazione &#8220;Girasole&#8221;, la comunit\u00e0 turese potr\u00e0 avvantaggiarsi della ristrutturazione e dell&#8217;utilizzo di un bene pubblico, senza che tale operazione abbia inciso sulle casse comunali.<\/p>\n<p style=\"text-align: justify;\" class=\"western\" align=\"justify\">Come si legge in delibera, nelle intenzioni dell&#8217;Associazione &#8220;Girasole&#8221;, l&#8217;area dovrebbe essere trasformata in un luogo rinnovato, da denominare &#8220;Sensi&#8221; e da destinare a contenitore culturale, giardino visitabile e laboratorio didattico ambientale permanente, accessibile a tutti i cittadini turesi, nonch\u00e9 a punto di partenza per percorsi &#8220;verdi&#8221; da attivare presso la locale Casa di Reclusione.<\/p>\n<p style=\"text-align: justify;\" class=\"western\" align=\"justify\">Come esposto dall&#8217;Assessore alla cultura, vicesindaco Lavinia Orlando, l&#8217;iniziativa \u00e8 meritevole di sostegno perch\u00e9, qualora fosse finanziata, condurrebbe a valorizzare un luogo di interesse storico e culturale per l&#8217;Ente, con la possibilit\u00e0 di trasformarlo in una \u201clocation\u201d destinata anche ad ospitare rassegne, concerti e mostre durante il periodo estivo.<\/p>\n<p style=\"text-align: justify;\" class=\"western\" align=\"justify\">Allo stato attuale, l&#8217;Amministrazione non ha in cantiere altri progetti o iniziative cui destinare l&#8217;ex Comitero e, comunque, l&#8217;adesione di partenariato, in caso di finanziamento del progetto sopra menzionato, non comporta un onere finanziario o di gestione diretta da parte del Comune.<\/p>\n","protected":false},"excerpt":{"rendered":"<p><img loading=\"lazy\" decoding=\"async\" src=\"https:\/\/farm9.staticflickr.com\/8600\/16555100670_90099dc9c8_n.jpg\" alt=\"L'Associazione Girasole\" height=\"212\" width=\"320\" \/><\/p>\n","protected":false},"author":1,"featured_media":0,"comment_status":"open","ping_status":"closed","sticky":false,"template":"","format":"standard","meta":{"colormag_page_container_layout":"default_layout","colormag_page_sidebar_layout":"default_layout","footnotes":""},"categories":[7],"tags":[],"class_list":["post-12821","post","type-post","status-publish","format-standard","hentry","category-attualita"],"_links":{"self":[{"href":"https:\/\/archivioturi.lavocedelpaese.info\/index.php\/wp-json\/wp\/v2\/posts\/12821","targetHints":{"allow":["GET"]}}],"collection":[{"href":"https:\/\/archivioturi.lavocedelpaese.info\/index.php\/wp-json\/wp\/v2\/posts"}],"about":[{"href":"https:\/\/archivioturi.lavocedelpaese.info\/index.php\/wp-json\/wp\/v2\/types\/post"}],"author":[{"embeddable":true,"href":"https:\/\/archivioturi.lavocedelpaese.info\/index.php\/wp-json\/wp\/v2\/users\/1"}],"replies":[{"embeddable":true,"href":"https:\/\/archivioturi.lavocedelpaese.info\/index.php\/wp-json\/wp\/v2\/comments?post=12821"}],"version-history":[{"count":0,"href":"https:\/\/archivioturi.lavocedelpaese.info\/index.php\/wp-json\/wp\/v2\/posts\/12821\/revisions"}],"wp:attachment":[{"href":"https:\/\/archivioturi.lavocedelpaese.info\/index.php\/wp-json\/wp\/v2\/media?parent=12821"}],"wp:term":[{"taxonomy":"category","embeddable":true,"href":"https:\/\/archivioturi.lavocedelpaese.info\/index.php\/wp-json\/wp\/v2\/categories?post=12821"},{"taxonomy":"post_tag","embeddable":true,"href":"https:\/\/archivioturi.lavocedelpaese.info\/index.php\/wp-json\/wp\/v2\/tags?post=12821"}],"curies":[{"name":"wp","href":"https:\/\/api.w.org\/{rel}","templated":true}]}}